{"id":94993,"date":"2026-03-24T00:05:36","date_gmt":"2026-03-23T21:05:36","guid":{"rendered":"https:\/\/www.egemtv.com\/?p=94993"},"modified":"2026-03-24T00:05:38","modified_gmt":"2026-03-23T21:05:38","slug":"ozhan-civgin-bizim-icin-psikolojik-acidan-zor-bir-macti","status":"publish","type":"post","link":"https:\/\/www.egemtv.com\/?p=94993","title":{"rendered":"\u00d6zhan \u00c7\u0131vg\u0131n: &#8220;Bizim i\u00e7in psikolojik a\u00e7\u0131dan zor bir ma\u00e7t\u0131&#8221;"},"content":{"rendered":"<p>Alia\u011fa Petkimspor Ba\u015fantren\u00f6r\u00fc \u00d6zhan \u00c7\u0131vg\u0131n, Bursaspor kar\u015f\u0131la\u015fmas\u0131n\u0131n psikolojk a\u00e7\u0131dan zor bir ma\u00e7 oldu\u011funu s\u00f6yledi.<br \/>\n<br \/>Basketbol S\u00fcper Ligi\u2019nin 23. haftas\u0131nda Alia\u011fa Petkimspor, sahas\u0131nda kar\u015f\u0131la\u015ft\u0131\u011f\u0131 Bursaspor\u2019u 91-82 ma\u011flup etti. Kar\u015f\u0131la\u015fman\u0131n ard\u0131ndan Alia\u011fa Petkimspor Ba\u015fantren\u00f6r\u00fc \u00d6zhan \u00c7\u0131vg\u0131n, a\u00e7\u0131klamalarda bulundu. \u00c7\u0131vg\u0131n, Alia\u011fa i\u00e7in her zaman en iyisini yapmak ad\u0131na \u00e7ok \u00e7abalad\u0131klar\u0131n\u0131 belirterek, &#8220;Bizim i\u00e7in psikolojik a\u00e7\u0131dan zor bir ma\u00e7t\u0131. \u00dcst \u00fcste ma\u011flubiyetlerin ard\u0131ndan \u00f6z g\u00fcven a\u00e7\u0131s\u0131ndan ve basketbolumuzu sahaya yans\u0131tmam\u0131z ad\u0131na \u00f6nemli bir ma\u00e7t\u0131. Savunmada basit hatalar yapsak da ma\u00e7\u0131 kazanma anlar\u0131nda enerjimiz \u00e7ok y\u00fcksekti. Daha iyisini yapabilmek i\u00e7in \u00e7al\u0131\u015fmaya devam ediyoruz. Yedi ma\u00e7\u0131m\u0131z kald\u0131, hepsini kazanmak i\u00e7in sahaya \u00e7\u0131kaca\u011f\u0131z. Salona gelip bizi destekleyen herkese \u00e7ok te\u015fekk\u00fcrler. Alia\u011fa i\u00e7in her zaman en iyisini yapmak ad\u0131na \u00e7ok \u00e7abal\u0131yoruz. Verece\u011finiz destek ve \u00f6z g\u00fcven ile daha iyisini yapaca\u011f\u0131z&#8221; ifadelerini kulland\u0131.<br \/><\/p>\n","protected":false},"excerpt":{"rendered":"<p>Alia\u011fa Petkimspor Ba\u015fantren\u00f6r\u00fc \u00d6zhan \u00c7\u0131vg\u0131n, Bursaspor kar\u015f\u0131la\u015fmas\u0131n\u0131n psikolojk a\u00e7\u0131dan zor bir ma\u00e7 oldu\u011funu s\u00f6yledi. Basketbol S\u00fcper Ligi\u2019nin 23. haftas\u0131nda Alia\u011fa Petkimspor, sahas\u0131nda kar\u015f\u0131la\u015ft\u0131\u011f\u0131 Bursaspor\u2019u 91-82 ma\u011flup etti. Kar\u015f\u0131la\u015fman\u0131n ard\u0131ndan Alia\u011fa Petkimspor Ba\u015fantren\u00f6r\u00fc \u00d6zhan \u00c7\u0131vg\u0131n, a\u00e7\u0131klamalarda bulundu. \u00c7\u0131vg\u0131n, Alia\u011fa i\u00e7in her zaman en iyisini yapmak ad\u0131na \u00e7ok \u00e7abalad\u0131klar\u0131n\u0131 belirterek, &#8220;Bizim i\u00e7in psikolojik a\u00e7\u0131dan zor bir ma\u00e7t\u0131&#8230;.<\/p>\n","protected":false},"author":1,"featured_media":94994,"comment_status":"open","ping_status":"open","sticky":false,"template":"","format":"standard","meta":{"_crdt_document":"","footnotes":""},"categories":[4],"tags":[],"class_list":["post-94993","post","type-post","status-publish","format-standard","has-post-thumbnail","hentry","category-spor"],"_links":{"self":[{"href":"https:\/\/www.egemtv.com\/index.php?rest_route=\/wp\/v2\/posts\/94993","targetHints":{"allow":["GET"]}}],"collection":[{"href":"https:\/\/www.egemtv.com\/index.php?rest_route=\/wp\/v2\/posts"}],"about":[{"href":"https:\/\/www.egemtv.com\/index.php?rest_route=\/wp\/v2\/types\/post"}],"author":[{"embeddable":true,"href":"https:\/\/www.egemtv.com\/index.php?rest_route=\/wp\/v2\/users\/1"}],"replies":[{"embeddable":true,"href":"https:\/\/www.egemtv.com\/index.php?rest_route=%2Fwp%2Fv2%2Fcomments&post=94993"}],"version-history":[{"count":1,"href":"https:\/\/www.egemtv.com\/index.php?rest_route=\/wp\/v2\/posts\/94993\/revisions"}],"predecessor-version":[{"id":94995,"href":"https:\/\/www.egemtv.com\/index.php?rest_route=\/wp\/v2\/posts\/94993\/revisions\/94995"}],"wp:featuredmedia":[{"embeddable":true,"href":"https:\/\/www.egemtv.com\/index.php?rest_route=\/wp\/v2\/media\/94994"}],"wp:attachment":[{"href":"https:\/\/www.egemtv.com\/index.php?rest_route=%2Fwp%2Fv2%2Fmedia&parent=94993"}],"wp:term":[{"taxonomy":"category","embeddable":true,"href":"https:\/\/www.egemtv.com\/index.php?rest_route=%2Fwp%2Fv2%2Fcategories&post=94993"},{"taxonomy":"post_tag","embeddable":true,"href":"https:\/\/www.egemtv.com\/index.php?rest_route=%2Fwp%2Fv2%2Ftags&post=94993"}],"curies":[{"name":"wp","href":"https:\/\/api.w.org\/{rel}","templated":true}]}}