{"id":94945,"date":"2026-03-23T16:30:38","date_gmt":"2026-03-23T13:30:38","guid":{"rendered":"https:\/\/www.egemtv.com\/?p=94945"},"modified":"2026-03-23T16:30:38","modified_gmt":"2026-03-23T13:30:38","slug":"bodrumda-gocmen-kacakciligina-9-tutuklama","status":"publish","type":"post","link":"https:\/\/www.egemtv.com\/?p=94945","title":{"rendered":"Bodrum\u2019da g\u00f6\u00e7men ka\u00e7ak\u00e7\u0131l\u0131\u011f\u0131na 9 tutuklama"},"content":{"rendered":"<p>Mu\u011fla\u2019n\u0131n Bodrum il\u00e7esinde 33 d\u00fczensiz g\u00f6\u00e7menin yakaland\u0131\u011f\u0131 olayla ilgili 9 ki\u015fi tutuklanarak cezaevine g\u00f6nderildi.<\/p>\n<p>Ge\u00e7en 19 Mart gecesi saat 03.00 s\u0131ralar\u0131nda aralar\u0131nda 14 \u00e7ocu\u011fun da oldu\u011fu 33 d\u00fczensiz g\u00f6\u00e7men, Yah\u015fi sahilinde bota binmek \u00fczereyken yakalanm\u0131\u015ft\u0131. G\u00f6\u00e7men ka\u00e7ak\u00e7\u0131l\u0131\u011f\u0131 \u015f\u00fcphelisi oldu\u011fu de\u011ferlendirilen 3 ki\u015fi g\u00f6zalt\u0131na al\u0131nd\u0131. Soru\u015fturman\u0131n devam\u0131nda Mu\u011fla \u0130l Emniyet M\u00fcd\u00fcrl\u00fc\u011f\u00fc G\u00f6\u00e7men Ka\u00e7ak\u00e7\u0131l\u0131\u011f\u0131yla M\u00fccadele ve Hudut Kap\u0131lar\u0131 \u015eube M\u00fcd\u00fcrl\u00fc\u011f\u00fc ekipleri operasyon ba\u015flatt\u0131. G\u00f6\u00e7menlerin b\u00f6lgeye getirilmesi, konaklamalar\u0131n\u0131n sa\u011flanmas\u0131 ve deniz yoluyla yurt d\u0131\u015f\u0131na ka\u00e7\u0131r\u0131lmalar\u0131n\u0131 organize etti\u011fi belirlenen 7 \u015f\u00fcpheli daha g\u00f6zalt\u0131na ald\u0131. Emniyetteki i\u015flemlerinin ard\u0131ndan adliyeye sevk edilen toplam 10 \u015f\u00fcpheliden E.A. adli kontrol \u015fart\u0131yla serbest b\u0131rak\u0131ld\u0131, H.B, G.G, \u0130.D.T, G.S, E.G, S.A, N.\u00c7, T.A. ve M.K. ise \u00e7\u0131kar\u0131ld\u0131klar\u0131 n\u00f6bet\u00e7i sulh ceza hakimli\u011fince tutukland\u0131.<br \/><\/p>\n","protected":false},"excerpt":{"rendered":"<p>Mu\u011fla\u2019n\u0131n Bodrum il\u00e7esinde 33 d\u00fczensiz g\u00f6\u00e7menin yakaland\u0131\u011f\u0131 olayla ilgili 9 ki\u015fi tutuklanarak cezaevine g\u00f6nderildi. Ge\u00e7en 19 Mart gecesi saat 03.00 s\u0131ralar\u0131nda aralar\u0131nda 14 \u00e7ocu\u011fun da oldu\u011fu 33 d\u00fczensiz g\u00f6\u00e7men, Yah\u015fi sahilinde bota binmek \u00fczereyken yakalanm\u0131\u015ft\u0131. G\u00f6\u00e7men ka\u00e7ak\u00e7\u0131l\u0131\u011f\u0131 \u015f\u00fcphelisi oldu\u011fu de\u011ferlendirilen 3 ki\u015fi g\u00f6zalt\u0131na al\u0131nd\u0131. Soru\u015fturman\u0131n devam\u0131nda Mu\u011fla \u0130l Emniyet M\u00fcd\u00fcrl\u00fc\u011f\u00fc G\u00f6\u00e7men Ka\u00e7ak\u00e7\u0131l\u0131\u011f\u0131yla M\u00fccadele ve Hudut&#8230;<\/p>\n","protected":false},"author":1,"featured_media":94946,"comment_status":"open","ping_status":"open","sticky":false,"template":"","format":"standard","meta":{"_crdt_document":"","footnotes":""},"categories":[5],"tags":[],"class_list":["post-94945","post","type-post","status-publish","format-standard","has-post-thumbnail","hentry","category-asayis"],"_links":{"self":[{"href":"https:\/\/www.egemtv.com\/index.php?rest_route=\/wp\/v2\/posts\/94945","targetHints":{"allow":["GET"]}}],"collection":[{"href":"https:\/\/www.egemtv.com\/index.php?rest_route=\/wp\/v2\/posts"}],"about":[{"href":"https:\/\/www.egemtv.com\/index.php?rest_route=\/wp\/v2\/types\/post"}],"author":[{"embeddable":true,"href":"https:\/\/www.egemtv.com\/index.php?rest_route=\/wp\/v2\/users\/1"}],"replies":[{"embeddable":true,"href":"https:\/\/www.egemtv.com\/index.php?rest_route=%2Fwp%2Fv2%2Fcomments&post=94945"}],"version-history":[{"count":1,"href":"https:\/\/www.egemtv.com\/index.php?rest_route=\/wp\/v2\/posts\/94945\/revisions"}],"predecessor-version":[{"id":94947,"href":"https:\/\/www.egemtv.com\/index.php?rest_route=\/wp\/v2\/posts\/94945\/revisions\/94947"}],"wp:featuredmedia":[{"embeddable":true,"href":"https:\/\/www.egemtv.com\/index.php?rest_route=\/wp\/v2\/media\/94946"}],"wp:attachment":[{"href":"https:\/\/www.egemtv.com\/index.php?rest_route=%2Fwp%2Fv2%2Fmedia&parent=94945"}],"wp:term":[{"taxonomy":"category","embeddable":true,"href":"https:\/\/www.egemtv.com\/index.php?rest_route=%2Fwp%2Fv2%2Fcategories&post=94945"},{"taxonomy":"post_tag","embeddable":true,"href":"https:\/\/www.egemtv.com\/index.php?rest_route=%2Fwp%2Fv2%2Ftags&post=94945"}],"curies":[{"name":"wp","href":"https:\/\/api.w.org\/{rel}","templated":true}]}}