{"id":94942,"date":"2026-03-23T16:30:37","date_gmt":"2026-03-23T13:30:37","guid":{"rendered":"https:\/\/www.egemtv.com\/?p=94942"},"modified":"2026-03-23T16:30:38","modified_gmt":"2026-03-23T13:30:38","slug":"muglada-bayram-tatilinde-160-binden-fazla-arac-giris-ve-cikisi-oldu","status":"publish","type":"post","link":"https:\/\/www.egemtv.com\/?p=94942","title":{"rendered":"Mu\u011fla\u2019da bayram tatilinde 160 binden fazla ara\u00e7 giri\u015f ve \u00e7\u0131k\u0131\u015f\u0131 oldu"},"content":{"rendered":"<p>Ramazan Bayram\u0131 tatilini f\u0131rsat bilen vatanda\u015flar\u0131n rotas\u0131 her y\u0131l oldu\u011fu gibi yine Mu\u011fla oldu. 19 Mart 2026 Arife g\u00fcn\u00fc ba\u015flayan ve bayram\u0131n son g\u00fcn\u00fc olan 22 Mart\u2019a kadar devam eden s\u00fcre\u00e7te, 160 binden fazla ara\u00e7 giri\u015f ve \u00e7\u0131k\u0131\u015f\u0131 oldu\u011fu \u00f6\u011frenildi.<\/p>\n<p>T\u00fcrkiye\u2019nin en \u00f6nemli turizm destinasyonlar\u0131ndan olan Mu\u011fla, Ramazan Bayram\u0131 boyunca yerli turistlerin ak\u0131n\u0131na u\u011frad\u0131. G\u00fcvenlik g\u00fc\u00e7leri ve trafik ekiplerinin denetimlerini en \u00fcst seviyeye \u00e7\u0131kard\u0131\u011f\u0131 4 g\u00fcnl\u00fck s\u00fcre\u00e7te, kente giren ve \u00e7\u0131kan ara\u00e7 say\u0131lar\u0131 netle\u015fti.<br \/>\n<br \/>Elde edilen bilgilere g\u00f6re; 19.03.2026 ile 22.03.2026 tarihleri aras\u0131nda Mu\u011fla il s\u0131n\u0131rlar\u0131ndan toplamda 77 bin 101 ara\u00e7 giri\u015f yapt\u0131. Tatilin sona ermesi ve d\u00f6n\u00fc\u015f yolculu\u011funun ba\u015flamas\u0131yla birlikte \u00e7\u0131k\u0131\u015f y\u00f6n\u00fcndeki yo\u011funluk daha fazla hissedildi. Ayn\u0131 tarihler aras\u0131nda kentten ayr\u0131lan ara\u00e7 say\u0131s\u0131 ise 83 bin 777 olarak kay\u0131tlara ge\u00e7ti. Tatil s\u00fcresince \u00f6zellikle Mente\u015fe, Marmaris, Bodrum ve Fethiye g\u00fczergahlar\u0131nda trafik yo\u011funlu\u011fu g\u00f6zlenirken, Mu\u011fla \u0130l Emniyet M\u00fcd\u00fcrl\u00fc\u011f\u00fc ve \u0130l Jandarma Komutanl\u0131\u011f\u0131 ekipleri ula\u015f\u0131m\u0131n aksamamas\u0131 i\u00e7in 24 saat esas\u0131na g\u00f6re g\u00f6rev yapt\u0131. Yetkililer, b\u00fcy\u00fck bir olumsuzluk ya\u015fanmadan tatil s\u00fcrecinin tamamland\u0131\u011f\u0131n\u0131 belirterek s\u00fcr\u00fcc\u00fclere trafik kurallar\u0131na uyduklar\u0131 i\u00e7in te\u015fekk\u00fcr etti.<br \/><\/p>\n","protected":false},"excerpt":{"rendered":"<p>Ramazan Bayram\u0131 tatilini f\u0131rsat bilen vatanda\u015flar\u0131n rotas\u0131 her y\u0131l oldu\u011fu gibi yine Mu\u011fla oldu. 19 Mart 2026 Arife g\u00fcn\u00fc ba\u015flayan ve bayram\u0131n son g\u00fcn\u00fc olan 22 Mart\u2019a kadar devam eden s\u00fcre\u00e7te, 160 binden fazla ara\u00e7 giri\u015f ve \u00e7\u0131k\u0131\u015f\u0131 oldu\u011fu \u00f6\u011frenildi. T\u00fcrkiye\u2019nin en \u00f6nemli turizm destinasyonlar\u0131ndan olan Mu\u011fla, Ramazan Bayram\u0131 boyunca yerli turistlerin ak\u0131n\u0131na u\u011frad\u0131. G\u00fcvenlik&#8230;<\/p>\n","protected":false},"author":1,"featured_media":94943,"comment_status":"open","ping_status":"open","sticky":false,"template":"","format":"standard","meta":{"_crdt_document":"","footnotes":""},"categories":[1],"tags":[],"class_list":["post-94942","post","type-post","status-publish","format-standard","has-post-thumbnail","hentry","category-guncel"],"_links":{"self":[{"href":"https:\/\/www.egemtv.com\/index.php?rest_route=\/wp\/v2\/posts\/94942","targetHints":{"allow":["GET"]}}],"collection":[{"href":"https:\/\/www.egemtv.com\/index.php?rest_route=\/wp\/v2\/posts"}],"about":[{"href":"https:\/\/www.egemtv.com\/index.php?rest_route=\/wp\/v2\/types\/post"}],"author":[{"embeddable":true,"href":"https:\/\/www.egemtv.com\/index.php?rest_route=\/wp\/v2\/users\/1"}],"replies":[{"embeddable":true,"href":"https:\/\/www.egemtv.com\/index.php?rest_route=%2Fwp%2Fv2%2Fcomments&post=94942"}],"version-history":[{"count":1,"href":"https:\/\/www.egemtv.com\/index.php?rest_route=\/wp\/v2\/posts\/94942\/revisions"}],"predecessor-version":[{"id":94944,"href":"https:\/\/www.egemtv.com\/index.php?rest_route=\/wp\/v2\/posts\/94942\/revisions\/94944"}],"wp:featuredmedia":[{"embeddable":true,"href":"https:\/\/www.egemtv.com\/index.php?rest_route=\/wp\/v2\/media\/94943"}],"wp:attachment":[{"href":"https:\/\/www.egemtv.com\/index.php?rest_route=%2Fwp%2Fv2%2Fmedia&parent=94942"}],"wp:term":[{"taxonomy":"category","embeddable":true,"href":"https:\/\/www.egemtv.com\/index.php?rest_route=%2Fwp%2Fv2%2Fcategories&post=94942"},{"taxonomy":"post_tag","embeddable":true,"href":"https:\/\/www.egemtv.com\/index.php?rest_route=%2Fwp%2Fv2%2Ftags&post=94942"}],"curies":[{"name":"wp","href":"https:\/\/api.w.org\/{rel}","templated":true}]}}