{"id":94939,"date":"2026-03-23T16:30:36","date_gmt":"2026-03-23T13:30:36","guid":{"rendered":"https:\/\/www.egemtv.com\/?p=94939"},"modified":"2026-03-23T16:30:37","modified_gmt":"2026-03-23T13:30:37","slug":"kazada-hayatini-kaybeden-nisanli-cift-yan-yana-topraga-verildi","status":"publish","type":"post","link":"https:\/\/www.egemtv.com\/?p=94939","title":{"rendered":"Kazada hayat\u0131n\u0131 kaybeden ni\u015fanl\u0131 \u00e7ift yan yana topra\u011fa verildi"},"content":{"rendered":"<p>Isparta-Antalya kara yolunda otomobillerin \u00e7arp\u0131\u015ft\u0131\u011f\u0131 kazada hayat\u0131n\u0131 kaybeden ni\u015fanl\u0131 \u00e7ift, Burdur\u2019un A\u011flasun il\u00e7esinde yan yana topra\u011fa verildi.<br \/>\n<br \/>Kaza, d\u00fcn saat 15.30 s\u0131ralar\u0131nda A\u011flasun Kav\u015fa\u011f\u0131\u2019nda meydana geldi. Edinilen bilgilere g\u00f6re, Mustafa K\u0131l\u0131\u00e7 idaresindeki 15 AEA 416 plakal\u0131 Toyota marka otomobil ile A.E.B.\u2019nin (26) kulland\u0131\u011f\u0131 32 ABE 850 plakal\u0131 Citroen marka otomobil kafa kafaya \u00e7arp\u0131\u015ft\u0131. Kazada s\u00fcr\u00fcc\u00fc Mustafa K\u0131l\u0131\u00e7 ile yan\u0131ndaki ni\u015fanl\u0131s\u0131 Gizem Ate\u015f olay yerinde hayat\u0131n\u0131 kaybetti. Di\u011fer s\u00fcr\u00fcc\u00fc A.E.B. ile yan\u0131daki 3 yolcu ise hafif \u015fekilde yaraland\u0131. \u0130hbar \u00fczerine olay yerine \u00e7ok say\u0131da jandarma, itfaiye ve sa\u011fl\u0131k ekibi sevk edildi. Sa\u011fl\u0131k ekiplerinin ilk m\u00fcdahalesinin ard\u0131ndan yaral\u0131lar ambulanslarla hastaneye kald\u0131r\u0131ld\u0131.<\/p>\n<p>Gen\u00e7 \u00e7ift yan yana topra\u011fa verildi<br \/>\n<br \/>Bug\u00fcn yak\u0131nlar\u0131 taraf\u0131ndan cenazeleri Isparta \u015eehir Hastanesi morgundan al\u0131nan \u00e7ift, A\u011flasun il\u00e7esindeki Kemalettin Camii\u2019nde \u00f6\u011fleyin k\u0131l\u0131nan cenaze namaz\u0131n\u0131n ard\u0131ndan g\u00f6zya\u015flar\u0131yla Bala Mahallesi Mezarl\u0131\u011f\u0131\u2019nda yan yana topra\u011fa verildi.<br \/><\/p>\n","protected":false},"excerpt":{"rendered":"<p>Isparta-Antalya kara yolunda otomobillerin \u00e7arp\u0131\u015ft\u0131\u011f\u0131 kazada hayat\u0131n\u0131 kaybeden ni\u015fanl\u0131 \u00e7ift, Burdur\u2019un A\u011flasun il\u00e7esinde yan yana topra\u011fa verildi. Kaza, d\u00fcn saat 15.30 s\u0131ralar\u0131nda A\u011flasun Kav\u015fa\u011f\u0131\u2019nda meydana geldi. Edinilen bilgilere g\u00f6re, Mustafa K\u0131l\u0131\u00e7 idaresindeki 15 AEA 416 plakal\u0131 Toyota marka otomobil ile A.E.B.\u2019nin (26) kulland\u0131\u011f\u0131 32 ABE 850 plakal\u0131 Citroen marka otomobil kafa kafaya \u00e7arp\u0131\u015ft\u0131. Kazada s\u00fcr\u00fcc\u00fc&#8230;<\/p>\n","protected":false},"author":1,"featured_media":94940,"comment_status":"open","ping_status":"open","sticky":false,"template":"","format":"standard","meta":{"_crdt_document":"","footnotes":""},"categories":[5],"tags":[],"class_list":["post-94939","post","type-post","status-publish","format-standard","has-post-thumbnail","hentry","category-asayis"],"_links":{"self":[{"href":"https:\/\/www.egemtv.com\/index.php?rest_route=\/wp\/v2\/posts\/94939","targetHints":{"allow":["GET"]}}],"collection":[{"href":"https:\/\/www.egemtv.com\/index.php?rest_route=\/wp\/v2\/posts"}],"about":[{"href":"https:\/\/www.egemtv.com\/index.php?rest_route=\/wp\/v2\/types\/post"}],"author":[{"embeddable":true,"href":"https:\/\/www.egemtv.com\/index.php?rest_route=\/wp\/v2\/users\/1"}],"replies":[{"embeddable":true,"href":"https:\/\/www.egemtv.com\/index.php?rest_route=%2Fwp%2Fv2%2Fcomments&post=94939"}],"version-history":[{"count":1,"href":"https:\/\/www.egemtv.com\/index.php?rest_route=\/wp\/v2\/posts\/94939\/revisions"}],"predecessor-version":[{"id":94941,"href":"https:\/\/www.egemtv.com\/index.php?rest_route=\/wp\/v2\/posts\/94939\/revisions\/94941"}],"wp:featuredmedia":[{"embeddable":true,"href":"https:\/\/www.egemtv.com\/index.php?rest_route=\/wp\/v2\/media\/94940"}],"wp:attachment":[{"href":"https:\/\/www.egemtv.com\/index.php?rest_route=%2Fwp%2Fv2%2Fmedia&parent=94939"}],"wp:term":[{"taxonomy":"category","embeddable":true,"href":"https:\/\/www.egemtv.com\/index.php?rest_route=%2Fwp%2Fv2%2Fcategories&post=94939"},{"taxonomy":"post_tag","embeddable":true,"href":"https:\/\/www.egemtv.com\/index.php?rest_route=%2Fwp%2Fv2%2Ftags&post=94939"}],"curies":[{"name":"wp","href":"https:\/\/api.w.org\/{rel}","templated":true}]}}