{"id":94936,"date":"2026-03-23T15:55:37","date_gmt":"2026-03-23T12:55:37","guid":{"rendered":"https:\/\/www.egemtv.com\/?p=94936"},"modified":"2026-03-23T15:55:37","modified_gmt":"2026-03-23T12:55:37","slug":"fethiyespor-93uncu-kurulus-yildonumunu-kutladi","status":"publish","type":"post","link":"https:\/\/www.egemtv.com\/?p=94936","title":{"rendered":"Fethiyespor 93\u2019\u00fcnc\u00fc kurulu\u015f y\u0131ld\u00f6n\u00fcm\u00fcn\u00fc kutlad\u0131"},"content":{"rendered":"<p>Fethiyespor\u2019un 93. kurulu\u015f y\u0131l d\u00f6n\u00fcm\u00fc, Be\u015fkaza Meydan\u0131\u2019nda d\u00fczenlenen \u00e7elenk sunma t\u00f6reniyle kutland\u0131. T\u00f6rende kul\u00fcb\u00fcn ge\u00e7mi\u015fine emek verenler an\u0131l\u0131rken, Fethiyespor\u2019a yak\u0131\u015f\u0131r yeni stat yap\u0131lmas\u0131 da g\u00fcndeme geldi.<\/p>\n<p>23 Mart 1933\u2019te kurulan Fethiyespor, kurulu\u015funun 93\u2019\u00fcnc\u00fc y\u0131l d\u00f6n\u00fcm\u00fcn\u00fc Be\u015fkaza Meydan\u0131\u2019nda d\u00fczenlenen \u00e7elenk sunma t\u00f6reniyle kutlad\u0131. T\u00f6rene Fethiye Kaymakam\u0131 Fatih Akkaya, Fethiyespor Ba\u015fkan\u0131 Esat Bak\u0131rc\u0131, Fethiye Gen\u00e7lik ve Spor M\u00fcd\u00fcr\u00fc Harun Re\u015fit Yi\u011fit, Fethiyespor Taraftarlar Derne\u011fi Ba\u015fkan\u0131 \u00d6zkan H\u0131r\u00e7\u0131n, siyasi parti temsilcileri, STK ba\u015fkanlar\u0131 ve \u00e7ok say\u0131da taraftar kat\u0131ld\u0131. Programda Atat\u00fcrk An\u0131t\u0131\u2019na \u00e7elenk sunulmas\u0131n\u0131n ard\u0131ndan sayg\u0131 duru\u015funda bulunuldu ve \u0130stiklal Mar\u015f\u0131 okundu. Daha sonra g\u00fcn\u00fcn anlam ve \u00f6nemine ili\u015fkin konu\u015fmalar ger\u00e7ekle\u015ftirildi.<\/p>\n<p>Fethiyespor Ba\u015fkan\u0131 Esat Bak\u0131rc\u0131 konu\u015fmas\u0131nda, kul\u00fcb\u00fcn 93 y\u0131ll\u0131k k\u00f6kl\u00fc ge\u00e7mi\u015fine vurgu yaparak, &#8220;93. y\u0131l\u0131n\u0131 kutlad\u0131\u011f\u0131m\u0131z Fethiyespor\u2019umuzun bug\u00fcnlere gelmesinde b\u00fcy\u00fck katk\u0131s\u0131 olan ve bug\u00fcne kadar hizmet eden herkesi minnetle an\u0131yorum. Bu d\u00f6nemde yapaca\u011f\u0131m\u0131z en \u00f6nemli i\u015f stad\u0131m\u0131z\u0131n trib\u00fcn\u00fcn\u00fcn yeniden yap\u0131lmas\u0131. Ramazan Bayram\u0131\u2019n\u0131n ikinci g\u00fcn\u00fc bakanla tekrar g\u00f6r\u00fc\u015ft\u00fck. Herhangi bir aksakl\u0131k yok, baz\u0131 eksikleri gideriyoruz. Gen\u00e7lerimize sporu sevdirmek ve k\u00f6t\u00fc al\u0131\u015fkanl\u0131klardan uzak tutmak i\u00e7in \u00e7al\u0131\u015fmalar\u0131m\u0131z s\u00fcr\u00fcyor&#8221; dedi.<\/p>\n<p>Fethiyespor Taraftarlar Derne\u011fi Ba\u015fkan\u0131 \u00d6zkan H\u0131r\u00e7\u0131n ise Fethiyespor\u2019un yaln\u0131zca bir futbol tak\u0131m\u0131 de\u011fil, \u015fehrin k\u00fclt\u00fcr\u00fcn\u00fc ve ruhunu temsil etti\u011fini belirterek, &#8220;93 y\u0131ll\u0131k onurlu bir tarihin gururunu ya\u015f\u0131yoruz. Bu \u00e7elenk, kul\u00fcb\u00fcm\u00fcze emek veren herkese duydu\u011fumuz sayg\u0131n\u0131n ifadesidir. Taraftarlar olarak iyi g\u00fcnde de k\u00f6t\u00fc g\u00fcnde de tak\u0131m\u0131m\u0131z\u0131n yan\u0131nda olmaya devam edece\u011fiz. Ayr\u0131ca Fethiyespor\u2019a yak\u0131\u015f\u0131r bir stad\u0131n bir an \u00f6nce yap\u0131lmas\u0131n\u0131 da temenni ediyoruz&#8221; ifadelerini kulland\u0131.<\/p>\n<p>T\u00f6ren, hat\u0131ra foto\u011fraflar\u0131n\u0131n \u00e7ekilmesiyle sona erdi.<br \/><\/p>\n","protected":false},"excerpt":{"rendered":"<p>Fethiyespor\u2019un 93. kurulu\u015f y\u0131l d\u00f6n\u00fcm\u00fc, Be\u015fkaza Meydan\u0131\u2019nda d\u00fczenlenen \u00e7elenk sunma t\u00f6reniyle kutland\u0131. T\u00f6rende kul\u00fcb\u00fcn ge\u00e7mi\u015fine emek verenler an\u0131l\u0131rken, Fethiyespor\u2019a yak\u0131\u015f\u0131r yeni stat yap\u0131lmas\u0131 da g\u00fcndeme geldi. 23 Mart 1933\u2019te kurulan Fethiyespor, kurulu\u015funun 93\u2019\u00fcnc\u00fc y\u0131l d\u00f6n\u00fcm\u00fcn\u00fc Be\u015fkaza Meydan\u0131\u2019nda d\u00fczenlenen \u00e7elenk sunma t\u00f6reniyle kutlad\u0131. T\u00f6rene Fethiye Kaymakam\u0131 Fatih Akkaya, Fethiyespor Ba\u015fkan\u0131 Esat Bak\u0131rc\u0131, Fethiye Gen\u00e7lik ve Spor&#8230;<\/p>\n","protected":false},"author":1,"featured_media":94937,"comment_status":"open","ping_status":"open","sticky":false,"template":"","format":"standard","meta":{"_crdt_document":"","footnotes":""},"categories":[4],"tags":[],"class_list":["post-94936","post","type-post","status-publish","format-standard","has-post-thumbnail","hentry","category-spor"],"_links":{"self":[{"href":"https:\/\/www.egemtv.com\/index.php?rest_route=\/wp\/v2\/posts\/94936","targetHints":{"allow":["GET"]}}],"collection":[{"href":"https:\/\/www.egemtv.com\/index.php?rest_route=\/wp\/v2\/posts"}],"about":[{"href":"https:\/\/www.egemtv.com\/index.php?rest_route=\/wp\/v2\/types\/post"}],"author":[{"embeddable":true,"href":"https:\/\/www.egemtv.com\/index.php?rest_route=\/wp\/v2\/users\/1"}],"replies":[{"embeddable":true,"href":"https:\/\/www.egemtv.com\/index.php?rest_route=%2Fwp%2Fv2%2Fcomments&post=94936"}],"version-history":[{"count":1,"href":"https:\/\/www.egemtv.com\/index.php?rest_route=\/wp\/v2\/posts\/94936\/revisions"}],"predecessor-version":[{"id":94938,"href":"https:\/\/www.egemtv.com\/index.php?rest_route=\/wp\/v2\/posts\/94936\/revisions\/94938"}],"wp:featuredmedia":[{"embeddable":true,"href":"https:\/\/www.egemtv.com\/index.php?rest_route=\/wp\/v2\/media\/94937"}],"wp:attachment":[{"href":"https:\/\/www.egemtv.com\/index.php?rest_route=%2Fwp%2Fv2%2Fmedia&parent=94936"}],"wp:term":[{"taxonomy":"category","embeddable":true,"href":"https:\/\/www.egemtv.com\/index.php?rest_route=%2Fwp%2Fv2%2Fcategories&post=94936"},{"taxonomy":"post_tag","embeddable":true,"href":"https:\/\/www.egemtv.com\/index.php?rest_route=%2Fwp%2Fv2%2Ftags&post=94936"}],"curies":[{"name":"wp","href":"https:\/\/api.w.org\/{rel}","templated":true}]}}