{"id":94933,"date":"2026-03-23T15:55:34","date_gmt":"2026-03-23T12:55:34","guid":{"rendered":"https:\/\/www.egemtv.com\/?p=94933"},"modified":"2026-03-23T15:55:36","modified_gmt":"2026-03-23T12:55:36","slug":"burdurda-iki-genci-bicaklayan-17-yasindaki-supheli-tutuklandi","status":"publish","type":"post","link":"https:\/\/www.egemtv.com\/?p=94933","title":{"rendered":"Burdur\u2019da iki genci b\u0131\u00e7aklayan 17 ya\u015f\u0131ndaki \u015f\u00fcpheli tutukland\u0131"},"content":{"rendered":"<p>Burdur\u2019da yolda y\u00fcr\u00fcd\u00fc\u011f\u00fc esnada iki genci baca\u011f\u0131ndan b\u0131\u00e7aklayan 17 ya\u015f\u0131ndaki \u015fah\u0131s \u00e7\u0131kar\u0131ld\u0131\u011f\u0131 mahkemece tutuklanarak cezaevine g\u00f6nderildi.<br \/>\n<br \/>Olay, d\u00fcn \u00f6\u011fle saatlerinde Atat\u00fcrk Caddesi \u00fczerine meydana geldi. Edinilen bilgiye g\u00f6re, M.G. (19) ve M.M. (24) isimli yabanc\u0131 uyruklu iki gen\u00e7 cadde \u00fczerine y\u00fcr\u00fcd\u00fc\u011f\u00fc s\u0131rada hen\u00fcz bilinmeyen bir sebepten H.D. (17) ile tart\u0131\u015fmaya ba\u015flad\u0131. Tart\u0131\u015fman\u0131n k\u0131sa s\u00fcrede kavgaya d\u00f6n\u00fc\u015fmesi \u00fczerine H.D., M.G. ve M.M.\u2019yi baca\u011f\u0131ndan b\u0131\u00e7aklad\u0131. Daha sonras\u0131nda olay yerinden ka\u00e7an H.D., Cumhuriyet Meydan\u0131\u2019nda g\u00f6rd\u00fc\u011f\u00fc polis ekiplerine durumu anlatarak teslim oldu. Yaral\u0131 iki gen\u00e7 ise olay yerine yak\u0131n bir noktada bulunurken sa\u011fl\u0131k ekipleri taraf\u0131ndan yap\u0131lan ilk m\u00fcdahalenin ard\u0131ndan ambulanslarla Burdur Devlet Hastanesi\u2019ne kald\u0131r\u0131ld\u0131. Olay\u0131 ger\u00e7ekle\u015ftirilen \u015fah\u0131s ise hastanede sa\u011fl\u0131k kontrol\u00fcn\u00fcn ard\u0131ndan polis merkezine g\u00f6t\u00fcr\u00fcld\u00fc. Buradaki i\u015flemlerinin ard\u0131ndan H.D., \u00e7\u0131kar\u0131ld\u0131\u011f\u0131 mahkemece tutuklanarak cezaevine g\u00f6nderildi.<br \/><\/p>\n","protected":false},"excerpt":{"rendered":"<p>Burdur\u2019da yolda y\u00fcr\u00fcd\u00fc\u011f\u00fc esnada iki genci baca\u011f\u0131ndan b\u0131\u00e7aklayan 17 ya\u015f\u0131ndaki \u015fah\u0131s \u00e7\u0131kar\u0131ld\u0131\u011f\u0131 mahkemece tutuklanarak cezaevine g\u00f6nderildi. Olay, d\u00fcn \u00f6\u011fle saatlerinde Atat\u00fcrk Caddesi \u00fczerine meydana geldi. Edinilen bilgiye g\u00f6re, M.G. (19) ve M.M. (24) isimli yabanc\u0131 uyruklu iki gen\u00e7 cadde \u00fczerine y\u00fcr\u00fcd\u00fc\u011f\u00fc s\u0131rada hen\u00fcz bilinmeyen bir sebepten H.D. (17) ile tart\u0131\u015fmaya ba\u015flad\u0131. Tart\u0131\u015fman\u0131n k\u0131sa s\u00fcrede kavgaya&#8230;<\/p>\n","protected":false},"author":1,"featured_media":94934,"comment_status":"open","ping_status":"open","sticky":false,"template":"","format":"standard","meta":{"_crdt_document":"","footnotes":""},"categories":[5],"tags":[],"class_list":["post-94933","post","type-post","status-publish","format-standard","has-post-thumbnail","hentry","category-asayis"],"_links":{"self":[{"href":"https:\/\/www.egemtv.com\/index.php?rest_route=\/wp\/v2\/posts\/94933","targetHints":{"allow":["GET"]}}],"collection":[{"href":"https:\/\/www.egemtv.com\/index.php?rest_route=\/wp\/v2\/posts"}],"about":[{"href":"https:\/\/www.egemtv.com\/index.php?rest_route=\/wp\/v2\/types\/post"}],"author":[{"embeddable":true,"href":"https:\/\/www.egemtv.com\/index.php?rest_route=\/wp\/v2\/users\/1"}],"replies":[{"embeddable":true,"href":"https:\/\/www.egemtv.com\/index.php?rest_route=%2Fwp%2Fv2%2Fcomments&post=94933"}],"version-history":[{"count":1,"href":"https:\/\/www.egemtv.com\/index.php?rest_route=\/wp\/v2\/posts\/94933\/revisions"}],"predecessor-version":[{"id":94935,"href":"https:\/\/www.egemtv.com\/index.php?rest_route=\/wp\/v2\/posts\/94933\/revisions\/94935"}],"wp:featuredmedia":[{"embeddable":true,"href":"https:\/\/www.egemtv.com\/index.php?rest_route=\/wp\/v2\/media\/94934"}],"wp:attachment":[{"href":"https:\/\/www.egemtv.com\/index.php?rest_route=%2Fwp%2Fv2%2Fmedia&parent=94933"}],"wp:term":[{"taxonomy":"category","embeddable":true,"href":"https:\/\/www.egemtv.com\/index.php?rest_route=%2Fwp%2Fv2%2Fcategories&post=94933"},{"taxonomy":"post_tag","embeddable":true,"href":"https:\/\/www.egemtv.com\/index.php?rest_route=%2Fwp%2Fv2%2Ftags&post=94933"}],"curies":[{"name":"wp","href":"https:\/\/api.w.org\/{rel}","templated":true}]}}