{"id":94930,"date":"2026-03-23T15:20:47","date_gmt":"2026-03-23T12:20:47","guid":{"rendered":"https:\/\/www.egemtv.com\/?p=94930"},"modified":"2026-03-23T15:20:48","modified_gmt":"2026-03-23T12:20:48","slug":"kanseri-anlatirken-kendisi-kansere-yakalandi","status":"publish","type":"post","link":"https:\/\/www.egemtv.com\/?p=94930","title":{"rendered":"Kanseri anlat\u0131rken, kendisi kansere yakaland\u0131"},"content":{"rendered":"<p>Merkezefendi Kanser Erken Te\u015fhis, Tarama ve E\u011fitim Merkezi (KETEM)\u2019nde g\u00f6rev yapan Dr. Muammer Durak\u2019a kolorektal kanseri tan\u0131s\u0131 konuldu. Y\u0131llard\u0131r vatanda\u015flara kanser taramalar\u0131n\u0131n \u00f6nemini anlatan Durak; &#8220;Bende olmaz, benim hi\u00e7bir \u015fik\u00e2yetim yok, teste ne gerek var demeyin taramalar\u0131n\u0131z\u0131 zaman\u0131nda yapt\u0131r\u0131n&#8221; dedi.<\/p>\n<p>\u00c7a\u011f\u0131m\u0131z\u0131n en \u00f6nemli sa\u011fl\u0131k sorunlar\u0131ndan biri olan kanser, meslek ay\u0131rt etmeksizin herkesi etkiliyor. Merkezefendi KETEM\u2019de g\u00f6rev yapan Dr. Muammer Durak\u2019a kolorektal kanseri tan\u0131s\u0131 konulmas\u0131 bu ger\u00e7e\u011fi bir kez daha g\u00f6zler \u00f6n\u00fcne serdi.<\/p>\n<p>G\u00f6rev yapt\u0131\u011f\u0131 s\u00fcre boyunca bir\u00e7ok vatanda\u015f\u0131 kanser taramalar\u0131 ve erken te\u015fhis konusunda bilgilendiren Dr. Muammer Durak,  ya\u015fad\u0131\u011f\u0131 s\u00fcrecin kendisi i\u00e7in de \u00f6nemli bir fark\u0131ndal\u0131k olu\u015fturdu\u011funu belirterek; &#8220;KETEM\u2019lerde her zaman vatanda\u015flar\u0131m\u0131za taramalar\u0131n \u00f6nemini anlat\u0131yoruz.  Ancak bu hastal\u0131k sadece ba\u015fkalar\u0131n\u0131n de\u011fil, hepimizin kap\u0131s\u0131n\u0131 \u00e7alabilir. Bu y\u00fczden d\u00fczenli kontrolleri ihmal etmemek gerekiyor&#8221; dedi ve \u015f\u00f6yle devam etti: &#8221; Sa\u011fl\u0131k Bakanl\u0131\u011f\u0131\u2019nda 35 y\u0131ld\u0131r hekimlik yap\u0131yorum. 2020 y\u0131l\u0131ndan itibaren de Merkezefendi \u0130l\u00e7e Sa\u011fl\u0131k M\u00fcd\u00fcrl\u00fc\u011f\u00fc KETEM biriminde hekimlik mesle\u011fime devam ediyorum. Bir\u00e7ok yerde kanserle ilgili e\u011fitimler vererek vatanda\u015flar\u0131 taramalar\u0131n\u0131 yapt\u0131rmalar\u0131 konusunda \u00e7a\u011fr\u0131larda bulundum. Her zaman erken te\u015fhisin \u00f6nemine vurgu yapt\u0131m. Meslek hayat\u0131m\u0131 s\u00fcrd\u00fcr\u00fcrken bir g\u00fcn benim de kanser olaca\u011f\u0131m akl\u0131ma gelmezdi. 2019 y\u0131l\u0131nda kolonoskopim normal ve 2023 y\u0131l\u0131nda yapt\u0131rd\u0131\u011f\u0131mda gaitada gizli kan testim negatif olarak de\u011ferlendirildi. 2025 y\u0131l\u0131nda 2 y\u0131ll\u0131k tarama zaman\u0131m gelince tekrar test yapt\u0131rd\u0131m ve sonucum pozitif \u00e7\u0131kt\u0131 ve kolon kanseri oldu\u011fumu \u00f6\u011frendim.  Kolon kanserleri bazen hi\u00e7bir belirti vermeyebilir. Bende de bu durum ya\u015fand\u0131. Kanser oldu\u011fumu \u00f6\u011frenip ilk \u015foku atlatt\u0131ktan sonra hemen tedaviye ba\u015flad\u0131m. Kemoterapi ald\u0131m. Ameliyat oldum ve \u015fuan halen takipli hastay\u0131m.  Kanser hastal\u0131\u011f\u0131n\u0131 hekim olarak ele al\u0131yordum, hasta olarak da o s\u00fcreci ya\u015fad\u0131m. \u015euan fiziksel olarak gayet iyi durumday\u0131m. \u0130\u015fimin ba\u015f\u0131nday\u0131m. Hekim olarak kanseri anlatmaya devam ediyorum. Hem de ya\u015fad\u0131\u011f\u0131m bu s\u00fcreci tarama yapt\u0131rmaya gelenlere anlat\u0131yorum. Ben de kanser olmaz, benim hi\u00e7bir \u015fik\u00e2yetim yok, teste ne gerek var demeyin taramalar\u0131n\u0131z\u0131 zaman\u0131nda yapt\u0131r\u0131n&#8221; ifadelerini kulland\u0131.<\/p>\n<p>T\u00fcrkiye\u2019de kolorektal kanser taramalar\u0131n\u0131n gaitada gizli kan kiti yard\u0131m\u0131yla h\u0131zl\u0131, pratik ve g\u00fcvenilir bir \u015fekilde 2 y\u0131lda bir yap\u0131ld\u0131\u011f\u0131n\u0131 belirten Dr. Muammer Durak, &#8221; Kolorektal kanserde istemsiz kilo kayb\u0131, uzun s\u00fcre kab\u0131zl\u0131k, ishal, d\u0131\u015fk\u0131lama al\u0131\u015fkanl\u0131\u011f\u0131 ve renginde de\u011fi\u015fiklik, gaz sanc\u0131s\u0131, a\u011fr\u0131l\u0131 d\u0131\u015fk\u0131lama gibi belirtiler verebilece\u011fi gibi bazen hi\u00e7bir belirti vermeden de olu\u015fabilir. Riski azaltmak ve korunmak i\u00e7in taramalar\u0131 zaman\u0131nda yapt\u0131rmak \u00e7ok \u00f6nemlidir. \u0130\u015flenmi\u015f g\u0131da t\u00fcketimini azaltmak, sebze, meyve ve tam tah\u0131ll\u0131 \u00fcr\u00fcnler t\u00fcketmek gerekir. Normal v\u00fccut a\u011f\u0131rl\u0131\u011f\u0131n\u0131 korumak ve her g\u00fcn d\u00fczenli fiziksel aktivite yapmak \u00e7ok faydal\u0131d\u0131r. Sigara ve alkolden de uzak durmak gerekir. \u015e\u00fcpheli ve ola\u011fan d\u0131\u015f\u0131 bir durumda muhakkak bir sa\u011fl\u0131k kurulu\u015funa ba\u015fvurulmal\u0131d\u0131r.    Unutmay\u0131n kanserde erken te\u015fhis hayat kurtar\u0131r&#8221; dedi.<br \/><\/p>\n","protected":false},"excerpt":{"rendered":"<p>Merkezefendi Kanser Erken Te\u015fhis, Tarama ve E\u011fitim Merkezi (KETEM)\u2019nde g\u00f6rev yapan Dr. Muammer Durak\u2019a kolorektal kanseri tan\u0131s\u0131 konuldu. Y\u0131llard\u0131r vatanda\u015flara kanser taramalar\u0131n\u0131n \u00f6nemini anlatan Durak; &#8220;Bende olmaz, benim hi\u00e7bir \u015fik\u00e2yetim yok, teste ne gerek var demeyin taramalar\u0131n\u0131z\u0131 zaman\u0131nda yapt\u0131r\u0131n&#8221; dedi. \u00c7a\u011f\u0131m\u0131z\u0131n en \u00f6nemli sa\u011fl\u0131k sorunlar\u0131ndan biri olan kanser, meslek ay\u0131rt etmeksizin herkesi etkiliyor. Merkezefendi KETEM\u2019de&#8230;<\/p>\n","protected":false},"author":1,"featured_media":94931,"comment_status":"open","ping_status":"open","sticky":false,"template":"","format":"standard","meta":{"_crdt_document":"","footnotes":""},"categories":[2],"tags":[],"class_list":["post-94930","post","type-post","status-publish","format-standard","has-post-thumbnail","hentry","category-saglik"],"_links":{"self":[{"href":"https:\/\/www.egemtv.com\/index.php?rest_route=\/wp\/v2\/posts\/94930","targetHints":{"allow":["GET"]}}],"collection":[{"href":"https:\/\/www.egemtv.com\/index.php?rest_route=\/wp\/v2\/posts"}],"about":[{"href":"https:\/\/www.egemtv.com\/index.php?rest_route=\/wp\/v2\/types\/post"}],"author":[{"embeddable":true,"href":"https:\/\/www.egemtv.com\/index.php?rest_route=\/wp\/v2\/users\/1"}],"replies":[{"embeddable":true,"href":"https:\/\/www.egemtv.com\/index.php?rest_route=%2Fwp%2Fv2%2Fcomments&post=94930"}],"version-history":[{"count":1,"href":"https:\/\/www.egemtv.com\/index.php?rest_route=\/wp\/v2\/posts\/94930\/revisions"}],"predecessor-version":[{"id":94932,"href":"https:\/\/www.egemtv.com\/index.php?rest_route=\/wp\/v2\/posts\/94930\/revisions\/94932"}],"wp:featuredmedia":[{"embeddable":true,"href":"https:\/\/www.egemtv.com\/index.php?rest_route=\/wp\/v2\/media\/94931"}],"wp:attachment":[{"href":"https:\/\/www.egemtv.com\/index.php?rest_route=%2Fwp%2Fv2%2Fmedia&parent=94930"}],"wp:term":[{"taxonomy":"category","embeddable":true,"href":"https:\/\/www.egemtv.com\/index.php?rest_route=%2Fwp%2Fv2%2Fcategories&post=94930"},{"taxonomy":"post_tag","embeddable":true,"href":"https:\/\/www.egemtv.com\/index.php?rest_route=%2Fwp%2Fv2%2Ftags&post=94930"}],"curies":[{"name":"wp","href":"https:\/\/api.w.org\/{rel}","templated":true}]}}