{"id":94927,"date":"2026-03-23T15:20:46","date_gmt":"2026-03-23T12:20:46","guid":{"rendered":"https:\/\/www.egemtv.com\/?p=94927"},"modified":"2026-03-23T15:20:47","modified_gmt":"2026-03-23T12:20:47","slug":"ekrem-gurel-kultur-merkezinde-uc-farkli-etkinlik-duzenlenecek","status":"publish","type":"post","link":"https:\/\/www.egemtv.com\/?p=94927","title":{"rendered":"Ekrem G\u00fcrel K\u00fclt\u00fcr Merkezi\u2019nde \u00fc\u00e7 farkl\u0131 etkinlik d\u00fczenlenecek"},"content":{"rendered":"<p>Turgutlu Belediyesi, k\u00fclt\u00fcr ve sanat etkinlikleri kapsam\u0131nda tiyatro oyunlar\u0131ndan \u00e7ocuk festivaline kadar uzanan \u00fc\u00e7 farkl\u0131 program\u0131 vatanda\u015flarla bulu\u015fturmaya haz\u0131rlan\u0131yor. 25, 27 ve 28 Mart tarihlerinde Ekrem G\u00fcrel K\u00fclt\u00fcr Merkezi\u2019nde d\u00fczenlenecek etkinlikler farkl\u0131 ya\u015f gruplar\u0131na hitap edecek.<br \/>\n<br \/>Turgutlu Belediyesi taraf\u0131ndan haz\u0131rlanan program kapsam\u0131nda hafta boyunca tiyatro g\u00f6sterileri ve \u00e7ocuklara y\u00f6nelik festival d\u00fczenlenecek. Etkinliklerin ilkinde Manisa B\u00fcy\u00fck\u015fehir Belediyesi i\u015f birli\u011fiyle sahnelenecek \u2018A\u015fk-\u0131 M\u00fcebbet\u2019 adl\u0131 tiyatro oyunu sanatseverlerle bulu\u015facak. \u00dcnl\u00fc oyuncular Mehtap Bayri ve Erkan Sever\u2019in sahne ald\u0131\u011f\u0131 iki perdelik oyun, 25 Mart \u00c7ar\u015famba ak\u015fam\u0131 saat 20.00\u2019de Ekrem G\u00fcrel K\u00fclt\u00fcr Merkezi\u2019nde izleyici kar\u015f\u0131s\u0131na \u00e7\u0131kacak.<\/p>\n<p>D\u00fcnya Tiyatro G\u00fcn\u00fc\u2019ne \u00f6zel oyun<br \/>\n<br \/>Etkinliklerin ikinci g\u00fcn\u00fcnde ise Ekrem G\u00fcrel K\u00fclt\u00fcr Merkezi Gen\u00e7 Yeti\u015fkinler Tiyatro Ekibi taraf\u0131ndan D\u00fcnya Tiyatro G\u00fcn\u00fc\u2019ne \u00f6zel haz\u0131rlanan \u2018Eskilerden Se\u00e7meler\u2019 adl\u0131 oyun sahnelenecek. Y\u00f6netmenli\u011fini Aysel Baylan Buruk\u2019un \u00fcstlendi\u011fi ve 13 ya\u015f s\u0131n\u0131r\u0131 bulunan oyun, 27 Mart Cuma ak\u015fam\u0131 saat 20.00\u2019de tiyatroseverlerle bulu\u015facak.<\/p>\n<p>\u00c7ocuklar i\u00e7in e\u011flenceli festival<br \/>\n<br \/>Etkinlik program\u0131n\u0131n son g\u00fcn\u00fcnde ise \u00e7ocuklara y\u00f6nelik \u2018Enerji Avc\u0131lar\u0131 \u00c7ocuk Festivali\u2019 d\u00fczenlenecek. GDZ Elektrik i\u015f birli\u011fiyle ger\u00e7ekle\u015ftirilecek festivalde enerji tasarrufu ve do\u011fay\u0131 koruma bilinci e\u011flenceli etkinliklerle anlat\u0131lacak. Festival kapsam\u0131nda Enerji Avc\u0131lar\u0131 g\u00f6sterisi, y\u00fcz boyama ve dans g\u00f6sterileri, Hacivat ile Karag\u00f6z g\u00f6lge oyunu, k\u00f6p\u00fck show ve \u00e7e\u015fitli s\u00fcrpriz aktiviteler yer alacak. 28 Mart Cumartesi g\u00fcn\u00fc Ekrem G\u00fcrel K\u00fclt\u00fcr Merkezi\u2019nde d\u00fczenlenecek festival 11.30 ve 14.30 saatlerinde iki seans halinde ger\u00e7ekle\u015ftirilecek.<br \/>\n<br \/>\u00d6te yandan etkinliklere kat\u0131lmak isteyen vatanda\u015flar i\u00e7in \u00e7ar\u015famba ak\u015fam\u0131 19.30, cuma ak\u015fam\u0131 20.00, cumartesi g\u00fcn\u00fc ise 10.30 ve 13.30 saatlerinde Turgutlu Belediyesi Hizmet Binas\u0131 \u00f6n\u00fcnden \u00fccretsiz servis kald\u0131r\u0131lacak.<br \/>\n<br \/>Turgutlu Belediye Ba\u015fkan Yard\u0131mc\u0131s\u0131 H\u00fcseyin Maliz, k\u00fclt\u00fcr ve sanat faaliyetlerini daha fazla ki\u015fiye ula\u015ft\u0131rmak amac\u0131yla farkl\u0131 ya\u015f gruplar\u0131na hitap eden etkinlikler d\u00fczenlediklerini belirterek t\u00fcm Turgutlulular\u0131 25, 27 ve 28 Mart tarihlerindeki programlara davet etti. Maliz ayr\u0131ca yo\u011fun kat\u0131l\u0131m nedeniyle etkinlik saatinden sonra salon kap\u0131lar\u0131n\u0131n kapat\u0131laca\u011f\u0131n\u0131 belirterek vatanda\u015flar\u0131n ma\u011fduriyet ya\u015famamalar\u0131 i\u00e7in etkinlik saatinden \u00f6nce salonda olmalar\u0131 gerekti\u011fini ifade etti.<br \/><\/p>\n","protected":false},"excerpt":{"rendered":"<p>Turgutlu Belediyesi, k\u00fclt\u00fcr ve sanat etkinlikleri kapsam\u0131nda tiyatro oyunlar\u0131ndan \u00e7ocuk festivaline kadar uzanan \u00fc\u00e7 farkl\u0131 program\u0131 vatanda\u015flarla bulu\u015fturmaya haz\u0131rlan\u0131yor. 25, 27 ve 28 Mart tarihlerinde Ekrem G\u00fcrel K\u00fclt\u00fcr Merkezi\u2019nde d\u00fczenlenecek etkinlikler farkl\u0131 ya\u015f gruplar\u0131na hitap edecek. Turgutlu Belediyesi taraf\u0131ndan haz\u0131rlanan program kapsam\u0131nda hafta boyunca tiyatro g\u00f6sterileri ve \u00e7ocuklara y\u00f6nelik festival d\u00fczenlenecek. Etkinliklerin ilkinde Manisa B\u00fcy\u00fck\u015fehir&#8230;<\/p>\n","protected":false},"author":1,"featured_media":94928,"comment_status":"open","ping_status":"open","sticky":false,"template":"","format":"standard","meta":{"_crdt_document":"","footnotes":""},"categories":[1],"tags":[],"class_list":["post-94927","post","type-post","status-publish","format-standard","has-post-thumbnail","hentry","category-guncel"],"_links":{"self":[{"href":"https:\/\/www.egemtv.com\/index.php?rest_route=\/wp\/v2\/posts\/94927","targetHints":{"allow":["GET"]}}],"collection":[{"href":"https:\/\/www.egemtv.com\/index.php?rest_route=\/wp\/v2\/posts"}],"about":[{"href":"https:\/\/www.egemtv.com\/index.php?rest_route=\/wp\/v2\/types\/post"}],"author":[{"embeddable":true,"href":"https:\/\/www.egemtv.com\/index.php?rest_route=\/wp\/v2\/users\/1"}],"replies":[{"embeddable":true,"href":"https:\/\/www.egemtv.com\/index.php?rest_route=%2Fwp%2Fv2%2Fcomments&post=94927"}],"version-history":[{"count":1,"href":"https:\/\/www.egemtv.com\/index.php?rest_route=\/wp\/v2\/posts\/94927\/revisions"}],"predecessor-version":[{"id":94929,"href":"https:\/\/www.egemtv.com\/index.php?rest_route=\/wp\/v2\/posts\/94927\/revisions\/94929"}],"wp:featuredmedia":[{"embeddable":true,"href":"https:\/\/www.egemtv.com\/index.php?rest_route=\/wp\/v2\/media\/94928"}],"wp:attachment":[{"href":"https:\/\/www.egemtv.com\/index.php?rest_route=%2Fwp%2Fv2%2Fmedia&parent=94927"}],"wp:term":[{"taxonomy":"category","embeddable":true,"href":"https:\/\/www.egemtv.com\/index.php?rest_route=%2Fwp%2Fv2%2Fcategories&post=94927"},{"taxonomy":"post_tag","embeddable":true,"href":"https:\/\/www.egemtv.com\/index.php?rest_route=%2Fwp%2Fv2%2Ftags&post=94927"}],"curies":[{"name":"wp","href":"https:\/\/api.w.org\/{rel}","templated":true}]}}