{"id":94924,"date":"2026-03-23T14:46:20","date_gmt":"2026-03-23T11:46:20","guid":{"rendered":"https:\/\/www.egemtv.com\/?p=94924"},"modified":"2026-03-23T14:46:22","modified_gmt":"2026-03-23T11:46:22","slug":"yuntas-spor-kulubu-sporculari-mili-takima-secildi","status":"publish","type":"post","link":"https:\/\/www.egemtv.com\/?p=94924","title":{"rendered":"Y\u00fcnta\u015f Spor Kul\u00fcb\u00fc Sporcular\u0131 Mili Tak\u0131ma se\u00e7ildi"},"content":{"rendered":"<p>Afyon Belediye Y\u00fcnta\u015f Spor Kul\u00fcb\u00fc Sporcular\u0131ndan Hayrulnisa \u00c7i\u011firdik ve Esra \u00c7elik, T\u00fcrkiye Bayan Tak\u0131m Kata B\u00fcy\u00fckler Avrupa \u015eampiyonas\u0131 Milli Tak\u0131m se\u00e7melerini kazand\u0131.<br \/>\n<br \/>Milli tak\u0131ma se\u00e7ilen \u00c7elik ve \u00c7i\u011firdik\u2019in 20-24 May\u0131s tarihlerinde Almanya\u2019da d\u00fczenlenecek Avrupa \u015eampiyonas\u0131\u2019nda T\u00fcrkiye\u2019yi temsil edecekleri belirtildi. Ayr\u0131ca sporcular\u0131n 24 Nisan\u2019da \u0130spanya\u2019da ger\u00e7ekle\u015fecek Karate One Series A m\u00fcsabakalar\u0131nda da yar\u0131\u015facaklar\u0131 \u00f6\u011frenildi.<br \/><\/p>\n","protected":false},"excerpt":{"rendered":"<p>Afyon Belediye Y\u00fcnta\u015f Spor Kul\u00fcb\u00fc Sporcular\u0131ndan Hayrulnisa \u00c7i\u011firdik ve Esra \u00c7elik, T\u00fcrkiye Bayan Tak\u0131m Kata B\u00fcy\u00fckler Avrupa \u015eampiyonas\u0131 Milli Tak\u0131m se\u00e7melerini kazand\u0131. Milli tak\u0131ma se\u00e7ilen \u00c7elik ve \u00c7i\u011firdik\u2019in 20-24 May\u0131s tarihlerinde Almanya\u2019da d\u00fczenlenecek Avrupa \u015eampiyonas\u0131\u2019nda T\u00fcrkiye\u2019yi temsil edecekleri belirtildi. Ayr\u0131ca sporcular\u0131n 24 Nisan\u2019da \u0130spanya\u2019da ger\u00e7ekle\u015fecek Karate One Series A m\u00fcsabakalar\u0131nda da yar\u0131\u015facaklar\u0131 \u00f6\u011frenildi.<\/p>\n","protected":false},"author":1,"featured_media":94925,"comment_status":"open","ping_status":"open","sticky":false,"template":"","format":"standard","meta":{"_crdt_document":"","footnotes":""},"categories":[4],"tags":[],"class_list":["post-94924","post","type-post","status-publish","format-standard","has-post-thumbnail","hentry","category-spor"],"_links":{"self":[{"href":"https:\/\/www.egemtv.com\/index.php?rest_route=\/wp\/v2\/posts\/94924","targetHints":{"allow":["GET"]}}],"collection":[{"href":"https:\/\/www.egemtv.com\/index.php?rest_route=\/wp\/v2\/posts"}],"about":[{"href":"https:\/\/www.egemtv.com\/index.php?rest_route=\/wp\/v2\/types\/post"}],"author":[{"embeddable":true,"href":"https:\/\/www.egemtv.com\/index.php?rest_route=\/wp\/v2\/users\/1"}],"replies":[{"embeddable":true,"href":"https:\/\/www.egemtv.com\/index.php?rest_route=%2Fwp%2Fv2%2Fcomments&post=94924"}],"version-history":[{"count":1,"href":"https:\/\/www.egemtv.com\/index.php?rest_route=\/wp\/v2\/posts\/94924\/revisions"}],"predecessor-version":[{"id":94926,"href":"https:\/\/www.egemtv.com\/index.php?rest_route=\/wp\/v2\/posts\/94924\/revisions\/94926"}],"wp:featuredmedia":[{"embeddable":true,"href":"https:\/\/www.egemtv.com\/index.php?rest_route=\/wp\/v2\/media\/94925"}],"wp:attachment":[{"href":"https:\/\/www.egemtv.com\/index.php?rest_route=%2Fwp%2Fv2%2Fmedia&parent=94924"}],"wp:term":[{"taxonomy":"category","embeddable":true,"href":"https:\/\/www.egemtv.com\/index.php?rest_route=%2Fwp%2Fv2%2Fcategories&post=94924"},{"taxonomy":"post_tag","embeddable":true,"href":"https:\/\/www.egemtv.com\/index.php?rest_route=%2Fwp%2Fv2%2Ftags&post=94924"}],"curies":[{"name":"wp","href":"https:\/\/api.w.org\/{rel}","templated":true}]}}