{"id":94921,"date":"2026-03-23T14:46:19","date_gmt":"2026-03-23T11:46:19","guid":{"rendered":"https:\/\/www.egemtv.com\/?p=94921"},"modified":"2026-03-23T14:46:20","modified_gmt":"2026-03-23T11:46:20","slug":"bucaspor-1928-adana-01-fk-deplasmaninda","status":"publish","type":"post","link":"https:\/\/www.egemtv.com\/?p=94921","title":{"rendered":"Bucaspor 1928, Adana 01 FK deplasman\u0131nda"},"content":{"rendered":"<p>Bucaspor 1928, TFF 2. Lig Beyaz Grup\u2019taki 32. hafta m\u00fccadelesinde Adana 01 FK\u2019ya konuk olacak.<br \/>\n<br \/>TFF 2. Lig Beyaz Grup ekiplerinden Bucaspor 1928, 32. hafta m\u00fccadelesinde yar\u0131n deplasmanda Adana 01 FK ile kar\u015f\u0131la\u015facak. Ali Ho\u015ffikirer Stadyumu\u2019nda saat 14.00\u2019te ba\u015flayacak ma\u00e7 \u00f6ncesinde Bucaspor 1928, 3 galibiyet, 6 beraberlik ve 20 ma\u011flubiyetle 15 puan toplayarak son s\u0131rada yer al\u0131yor. Ev sahibi Adana 01 FK ise 52 puanla play-off hatt\u0131n\u0131n son basama\u011f\u0131 olan 5. s\u0131rada bulunuyor.<br \/>\n<br \/>\u0130zmir ekibi, zorlu rakibini yenerek ligde kalma umutlar\u0131n\u0131 s\u00fcrd\u00fcrmeyi hedefliyor. \u0130ki tak\u0131m aras\u0131nda ligin ilk yar\u0131s\u0131nda oynanan ma\u00e7\u0131 ise Bucaspor 1928, taraftar\u0131 \u00f6n\u00fcnde 2-1 kazanm\u0131\u015ft\u0131.<br \/><\/p>\n","protected":false},"excerpt":{"rendered":"<p>Bucaspor 1928, TFF 2. Lig Beyaz Grup\u2019taki 32. hafta m\u00fccadelesinde Adana 01 FK\u2019ya konuk olacak. TFF 2. Lig Beyaz Grup ekiplerinden Bucaspor 1928, 32. hafta m\u00fccadelesinde yar\u0131n deplasmanda Adana 01 FK ile kar\u015f\u0131la\u015facak. Ali Ho\u015ffikirer Stadyumu\u2019nda saat 14.00\u2019te ba\u015flayacak ma\u00e7 \u00f6ncesinde Bucaspor 1928, 3 galibiyet, 6 beraberlik ve 20 ma\u011flubiyetle 15 puan toplayarak son s\u0131rada&#8230;<\/p>\n","protected":false},"author":1,"featured_media":94922,"comment_status":"open","ping_status":"open","sticky":false,"template":"","format":"standard","meta":{"_crdt_document":"","footnotes":""},"categories":[4],"tags":[],"class_list":["post-94921","post","type-post","status-publish","format-standard","has-post-thumbnail","hentry","category-spor"],"_links":{"self":[{"href":"https:\/\/www.egemtv.com\/index.php?rest_route=\/wp\/v2\/posts\/94921","targetHints":{"allow":["GET"]}}],"collection":[{"href":"https:\/\/www.egemtv.com\/index.php?rest_route=\/wp\/v2\/posts"}],"about":[{"href":"https:\/\/www.egemtv.com\/index.php?rest_route=\/wp\/v2\/types\/post"}],"author":[{"embeddable":true,"href":"https:\/\/www.egemtv.com\/index.php?rest_route=\/wp\/v2\/users\/1"}],"replies":[{"embeddable":true,"href":"https:\/\/www.egemtv.com\/index.php?rest_route=%2Fwp%2Fv2%2Fcomments&post=94921"}],"version-history":[{"count":1,"href":"https:\/\/www.egemtv.com\/index.php?rest_route=\/wp\/v2\/posts\/94921\/revisions"}],"predecessor-version":[{"id":94923,"href":"https:\/\/www.egemtv.com\/index.php?rest_route=\/wp\/v2\/posts\/94921\/revisions\/94923"}],"wp:featuredmedia":[{"embeddable":true,"href":"https:\/\/www.egemtv.com\/index.php?rest_route=\/wp\/v2\/media\/94922"}],"wp:attachment":[{"href":"https:\/\/www.egemtv.com\/index.php?rest_route=%2Fwp%2Fv2%2Fmedia&parent=94921"}],"wp:term":[{"taxonomy":"category","embeddable":true,"href":"https:\/\/www.egemtv.com\/index.php?rest_route=%2Fwp%2Fv2%2Fcategories&post=94921"},{"taxonomy":"post_tag","embeddable":true,"href":"https:\/\/www.egemtv.com\/index.php?rest_route=%2Fwp%2Fv2%2Ftags&post=94921"}],"curies":[{"name":"wp","href":"https:\/\/api.w.org\/{rel}","templated":true}]}}