{"id":94873,"date":"2026-03-23T11:50:50","date_gmt":"2026-03-23T08:50:50","guid":{"rendered":"https:\/\/www.egemtv.com\/?p=94873"},"modified":"2026-03-23T11:50:51","modified_gmt":"2026-03-23T08:50:51","slug":"buyuksehir-hizmete-acti-iki-haftada-bin-500-hasta-tedavi-edildi","status":"publish","type":"post","link":"https:\/\/www.egemtv.com\/?p=94873","title":{"rendered":"B\u00fcy\u00fck\u015fehir hizmete a\u00e7t\u0131, iki haftada bin 500 hasta tedavi edildi"},"content":{"rendered":"<p>Ayd\u0131n B\u00fcy\u00fck\u015fehir Belediye Ba\u015fkan\u0131 \u00d6zlem \u00c7er\u00e7io\u011flu taraf\u0131ndan Ayd\u0131n\u2019a kazand\u0131r\u0131lan Ayd\u0131n A\u011f\u0131z ve Di\u015f Sa\u011fl\u0131\u011f\u0131 Poliklini\u011fi \u00fccretsiz olarak hizmet vermeye ba\u015flarken, vatanda\u015flar\u0131n yo\u011fun ilgisiyle kar\u015f\u0131la\u015fan poliklinikte iki hafta bin 500 hasta tedavi edildi.<\/p>\n<p>Ayd\u0131n B\u00fcy\u00fck\u015fehir Belediyesi taraf\u0131ndan tamamen \u00fccretsiz olarak hizmete a\u00e7\u0131lan Ayd\u0131n A\u011f\u0131z ve Di\u015f Sa\u011fl\u0131\u011f\u0131 Poliklini\u011fi, modern yap\u0131s\u0131, \u00e7a\u011fda\u015f t\u0131bbi donan\u0131m\u0131 ve uzman kadrosu ile kent merkezinde hizmet vermeye ba\u015flad\u0131. Nazilli\u2019nin ard\u0131ndan 4 Mart tarihinde Efeler il\u00e7esinde a\u00e7\u0131lan poliklini\u011fe vatanda\u015flar yo\u011fun ilgi g\u00f6sterirken, a\u00e7\u0131ld\u0131\u011f\u0131 iki haftal\u0131k s\u00fcre i\u00e7erisinde poliklinikte bin 500 hasta sa\u011fl\u0131\u011f\u0131na kavu\u015ftu.<\/p>\n<p>Sabah\u0131n erken saatlerinden itibaren randevu olu\u015fturan ve ba\u015fvuruda bulunan vatanda\u015flar, sunulan hizmetten memnuniyet duyduklar\u0131n\u0131 dile getirirken, \u2018hizmetin k\u00f6t\u00fcs\u00fc olmaz\u2019 diyerek \u00fccretsiz di\u015f sa\u011fl\u0131\u011f\u0131 hizmeti i\u00e7in Ba\u015fkan \u00d6zlem \u00c7er\u00e7io\u011flu\u2019na te\u015fekk\u00fcr etti.<\/p>\n<p>&#8220;G\u00fcnde yakla\u015f\u0131k 120 hastaya bak\u0131yoruz&#8221;<br \/>\n<br \/>G\u00fcnl\u00fck yakla\u015f\u0131k 120 hastaya bakt\u0131klar\u0131n\u0131 ifade eden Ayd\u0131n B\u00fcy\u00fck\u015fehir Belediyesi A\u011f\u0131z ve Di\u015f Sa\u011fl\u0131\u011f\u0131 Poliklini\u011fi Mesul M\u00fcd\u00fcr\u00fc Dt. Oktay Ege M\u00fclhim; &#8220;Buras\u0131 Ayd\u0131n B\u00fcy\u00fck\u015fehir Belediye Ba\u015fkan\u0131m\u0131z \u00d6zlem \u00c7er\u00e7io\u011flu\u2019nun sosyal belediyecilik anlay\u0131\u015f\u0131yla sa\u011fl\u0131k alan\u0131nda yapm\u0131\u015f oldu\u011fu yat\u0131r\u0131mlardan birisi olan A\u011f\u0131z ve Di\u015f Sa\u011fl\u0131\u011f\u0131 Poliklini\u011fi. 4 Mart\u2019tan bu yana hastalar\u0131m\u0131za hizmet veriyoruz ve bug\u00fcne kadar yakla\u015f\u0131k bin 500\u2019e yak\u0131n hastam\u0131z ba\u015fvurdu, tedavilerini oldular. Tedavi olmak i\u00e7in randevu alan hastalar\u0131m\u0131z da s\u0131rada bekliyor. Burada di\u015f ta\u015f\u0131 temizli\u011fi, dolgu tedavisi, kanal tedavisi, di\u015f \u00e7ekimi i\u015flemlerini uyguluyoruz. \u00c7ocuk ve yeti\u015fkin hastalar\u0131m\u0131za bak\u0131yoruz. On muayene odam\u0131z ve 10 di\u015f hekimimiz ile vatanda\u015flar\u0131m\u0131za hizmet veriyoruz. G\u00fcnl\u00fck yakla\u015f\u0131k 120 tane hastam\u0131z\u0131 kabul ediyoruz. Hastalar\u0131m\u0131z bize ba\u015fvurdu\u011funda muayene odam\u0131za al\u0131p a\u011f\u0131z i\u00e7i muayenelerini yap\u0131yoruz, \u015fikayetlerini dinliyoruz. Sonra son teknoloji panoramik r\u00f6ntgen cihaz\u0131m\u0131zla hastalar\u0131m\u0131zdan filmlerini al\u0131p, tekrardan muayene odam\u0131za getiriyoruz. Burada gerekli i\u015flemleri uygulad\u0131ktan sonra hastalar\u0131m\u0131z\u0131 \u015fifa ile u\u011furluyoruz. Randevu almak i\u00e7in hastalar\u0131m\u0131z telefon hatt\u0131yla 08.30\u2019dan ak\u015fam 18.00\u2019a kadar tedavilerini randevu alarak olabilirler. Randevu s\u0131ras\u0131 bulamayan hastalar\u0131m\u0131z, buraya ba\u015fvurarak \u00e7ok yak\u0131n bir tarihte randevusunu alarak tedaviye ba\u015fl\u0131yorlar. \u0130\u015flemleri bittikten sonra hastalar\u0131m\u0131z memnuniyetlerini dile getiriyor ve buradan ba\u015fkan\u0131m\u0131za \u00e7ok te\u015fekk\u00fcrlerini iletiyorlar. K\u0131rsal b\u00f6lgelerden gelen vatanda\u015flar\u0131m\u0131z \u00f6zellikle bu hizmetten \u00e7ok memnun. \u00dccretsiz bir \u015fekilde verdi\u011fimiz tedaviler halk\u0131m\u0131z a\u00e7\u0131s\u0131ndan b\u00fcy\u00fck bir memnuniyetle kar\u015f\u0131lan\u0131yor. Poliklini\u011fimiz a\u00e7\u0131lal\u0131 iki hafta oldu. Bu s\u00fcre\u00e7te vatanda\u015flar\u0131m\u0131zdan gelen yo\u011fun taleple, iki haftada yakla\u015f\u0131k bin 500 hasta muayene ettik, tedavilerini yapt\u0131k. Ba\u015fkan\u0131m\u0131z \u00d6zlem \u00c7er\u00e7io\u011flu\u2018nun deste\u011fiyle vatanda\u015flar\u0131m\u0131za \u015fifa da\u011f\u0131tmaya devam edece\u011fiz&#8221; dedi.<\/p>\n<p>&#8220;Hizmetin iyisi k\u00f6t\u00fcs\u00fc olmaz&#8221;<br \/>\n<br \/>Di\u015f sa\u011fl\u0131\u011f\u0131n\u0131n \u00f6nemli oldu\u011funu ve anlaml\u0131 bir hizmet oldu\u011funu ifade eden vatanda\u015flardan Reyhan Ayd\u0131n; &#8220;Kontrol i\u00e7in gelmi\u015ftim ayn\u0131 zamanda karde\u015fimin di\u015f tedavisi vard\u0131. Onlar\u0131 hallettireyim dedim. Uzun s\u00fcredir zaten ba\u015fka yerlerde s\u0131ra bekliyorduk ama buras\u0131 bizim kolay\u0131m\u0131za geldi. Bir ihtiya\u00e7t\u0131. Di\u015f tedavisi asl\u0131nda g\u00fcn\u00fcm\u00fczde l\u00fcks gibi g\u00f6r\u00fcn\u00fcyor ama \u00e7ok b\u00fcy\u00fck ihtiya\u00e7lardan bir tanesi. Zaten s\u0131ra beklemekten de \u00e7ok s\u0131k\u0131lm\u0131\u015ft\u0131k. \u00c7o\u011fu zaman di\u015f tedavilerimizi ba\u015fka yerde yapt\u0131rmak i\u00e7in \u00fc\u00e7 ay, be\u015f ay gibi tarihlerden bahsediliyordu. O da tabii ki hastal\u0131\u011f\u0131m\u0131z\u0131n ilerlemesine sebep oluyordu ama burada i\u015fimiz kolayla\u015ft\u0131r\u0131ld\u0131. Bir telefon kadar yak\u0131n. Randevular\u0131m\u0131z hemen zaten ger\u00e7ekle\u015ftiriliyor, haftan\u0131n i\u00e7erisinde memnun kald\u0131k. \u0130n\u015fallah bu \u015fekilde devam eder diye d\u00fc\u015f\u00fcn\u00fcyorum&#8221; \u015feklinde konu\u015ftu.<\/p>\n<p>Verilen hizmetten memnun kald\u0131\u011f\u0131n\u0131 ifade eden vatanda\u015flardan Sacit Bellek ise &#8220;Bir hafta \u00f6nce gelmi\u015ftim \u015fimdi de torunumu getirdim. \u00c7ok memnun kald\u0131k. Hizmetin iyisi k\u00f6t\u00fcs\u00fc olmaz, herkese de tavsiye ederim. Ne kadar \u00e7ok vatanda\u015fa hizmet gelirse iyi olur&#8221; dedi.<br \/><\/p>\n","protected":false},"excerpt":{"rendered":"<p>Ayd\u0131n B\u00fcy\u00fck\u015fehir Belediye Ba\u015fkan\u0131 \u00d6zlem \u00c7er\u00e7io\u011flu taraf\u0131ndan Ayd\u0131n\u2019a kazand\u0131r\u0131lan Ayd\u0131n A\u011f\u0131z ve Di\u015f Sa\u011fl\u0131\u011f\u0131 Poliklini\u011fi \u00fccretsiz olarak hizmet vermeye ba\u015flarken, vatanda\u015flar\u0131n yo\u011fun ilgisiyle kar\u015f\u0131la\u015fan poliklinikte iki hafta bin 500 hasta tedavi edildi. Ayd\u0131n B\u00fcy\u00fck\u015fehir Belediyesi taraf\u0131ndan tamamen \u00fccretsiz olarak hizmete a\u00e7\u0131lan Ayd\u0131n A\u011f\u0131z ve Di\u015f Sa\u011fl\u0131\u011f\u0131 Poliklini\u011fi, modern yap\u0131s\u0131, \u00e7a\u011fda\u015f t\u0131bbi donan\u0131m\u0131 ve uzman kadrosu&#8230;<\/p>\n","protected":false},"author":1,"featured_media":94874,"comment_status":"open","ping_status":"open","sticky":false,"template":"","format":"standard","meta":{"_crdt_document":"","footnotes":""},"categories":[2],"tags":[],"class_list":["post-94873","post","type-post","status-publish","format-standard","has-post-thumbnail","hentry","category-saglik"],"_links":{"self":[{"href":"https:\/\/www.egemtv.com\/index.php?rest_route=\/wp\/v2\/posts\/94873","targetHints":{"allow":["GET"]}}],"collection":[{"href":"https:\/\/www.egemtv.com\/index.php?rest_route=\/wp\/v2\/posts"}],"about":[{"href":"https:\/\/www.egemtv.com\/index.php?rest_route=\/wp\/v2\/types\/post"}],"author":[{"embeddable":true,"href":"https:\/\/www.egemtv.com\/index.php?rest_route=\/wp\/v2\/users\/1"}],"replies":[{"embeddable":true,"href":"https:\/\/www.egemtv.com\/index.php?rest_route=%2Fwp%2Fv2%2Fcomments&post=94873"}],"version-history":[{"count":1,"href":"https:\/\/www.egemtv.com\/index.php?rest_route=\/wp\/v2\/posts\/94873\/revisions"}],"predecessor-version":[{"id":94875,"href":"https:\/\/www.egemtv.com\/index.php?rest_route=\/wp\/v2\/posts\/94873\/revisions\/94875"}],"wp:featuredmedia":[{"embeddable":true,"href":"https:\/\/www.egemtv.com\/index.php?rest_route=\/wp\/v2\/media\/94874"}],"wp:attachment":[{"href":"https:\/\/www.egemtv.com\/index.php?rest_route=%2Fwp%2Fv2%2Fmedia&parent=94873"}],"wp:term":[{"taxonomy":"category","embeddable":true,"href":"https:\/\/www.egemtv.com\/index.php?rest_route=%2Fwp%2Fv2%2Fcategories&post=94873"},{"taxonomy":"post_tag","embeddable":true,"href":"https:\/\/www.egemtv.com\/index.php?rest_route=%2Fwp%2Fv2%2Ftags&post=94873"}],"curies":[{"name":"wp","href":"https:\/\/api.w.org\/{rel}","templated":true}]}}