{"id":94870,"date":"2026-03-23T11:15:40","date_gmt":"2026-03-23T08:15:40","guid":{"rendered":"https:\/\/www.egemtv.com\/?p=94870"},"modified":"2026-03-23T11:15:41","modified_gmt":"2026-03-23T08:15:41","slug":"kocarlida-bir-gunde-4-kisi-hayatini-kaybetti","status":"publish","type":"post","link":"https:\/\/www.egemtv.com\/?p=94870","title":{"rendered":"Ko\u00e7arl\u0131\u2019da bir g\u00fcnde 4 ki\u015fi hayat\u0131n\u0131 kaybetti"},"content":{"rendered":"<p>Ayd\u0131n\u2019\u0131n Ko\u00e7arl\u0131 il\u00e7esinde bir g\u00fcnde 4 \u00f6l\u00fcm ya\u015fan\u0131rken, Ko\u00e7arl\u0131 Belediyesi yapt\u0131\u011f\u0131 payla\u015f\u0131mla hayat\u0131n\u0131 kaybeden vatanda\u015flar\u0131n ailelerine ba\u015fsa\u011fl\u0131\u011f\u0131 diledi.<\/p>\n<p>Ayd\u0131n\u2019\u0131n Ko\u00e7arl\u0131 il\u00e7esinde ayn\u0131 g\u00fcn i\u00e7erisinde 4 vatanda\u015f\u0131n hayat\u0131n\u0131 kaybetmesi il\u00e7ede \u00fcz\u00fcnt\u00fcye neden oldu. Ko\u00e7arl\u0131 Belediyesi taraf\u0131ndan yap\u0131lan payla\u015f\u0131mda, vefat eden vatanda\u015flar\u0131n ailelerine ba\u015fsa\u011fl\u0131\u011f\u0131 dilekleri iletildi. Edinilen bilgilere g\u00f6re Orta Mahalle\u2019de Servet Yurtsever, B\u0131y\u0131kl\u0131 Mahallesi\u2019nde Ya\u015far \u00c7\u0131nar, Sat\u0131lar Mahallesi\u2019nde Haf\u0131z Selahattin Yi\u011fit ve K\u0131z\u0131lcab\u00f6l\u00fck Mahallesi\u2019nde Fatma Karaku\u015f ya\u015fam\u0131n\u0131 yitirdi. \u0130l\u00e7ede pe\u015f pe\u015fe ya\u015fanan vefat haberleri vatanda\u015flar\u0131 yasa bo\u011farken, hayat\u0131n\u0131 kaybedenlerin yak\u0131nlar\u0131 b\u00fcy\u00fck \u00fcz\u00fcnt\u00fc ya\u015fad\u0131.<br \/>\n<br \/>Ko\u00e7arl\u0131 Belediyesi\u2019nden Belediye Ba\u015fkan\u0131 \u00d6zg\u00fcr Ar\u0131c\u0131 ad\u0131yla yap\u0131lan a\u00e7\u0131klamada &#8220;Orta Mahalle\u2019mizde Servet Yurtsever, B\u0131y\u0131kl\u0131 Mahalle\u2019mizde Ya\u015far \u00c7\u0131nar, Sat\u0131lar Mahalle\u2019mizde Haf\u0131z Selahattin Yi\u011fit, K\u0131z\u0131lcab\u00f6l\u00fck Mahalle\u2019mizde de Fatma Karaku\u015f vefat etmi\u015ftir. Ac\u0131n\u0131z\u0131 y\u00fcrekten payla\u015f\u0131yor, merhum ve merhumelerimizin ailesi ve sevenlerine ba\u015fsa\u011fl\u0131\u011f\u0131 dileklerimiz iletiyorum&#8221; ifadeleri yer ald\u0131.<br \/><\/p>\n","protected":false},"excerpt":{"rendered":"<p>Ayd\u0131n\u2019\u0131n Ko\u00e7arl\u0131 il\u00e7esinde bir g\u00fcnde 4 \u00f6l\u00fcm ya\u015fan\u0131rken, Ko\u00e7arl\u0131 Belediyesi yapt\u0131\u011f\u0131 payla\u015f\u0131mla hayat\u0131n\u0131 kaybeden vatanda\u015flar\u0131n ailelerine ba\u015fsa\u011fl\u0131\u011f\u0131 diledi. Ayd\u0131n\u2019\u0131n Ko\u00e7arl\u0131 il\u00e7esinde ayn\u0131 g\u00fcn i\u00e7erisinde 4 vatanda\u015f\u0131n hayat\u0131n\u0131 kaybetmesi il\u00e7ede \u00fcz\u00fcnt\u00fcye neden oldu. Ko\u00e7arl\u0131 Belediyesi taraf\u0131ndan yap\u0131lan payla\u015f\u0131mda, vefat eden vatanda\u015flar\u0131n ailelerine ba\u015fsa\u011fl\u0131\u011f\u0131 dilekleri iletildi. Edinilen bilgilere g\u00f6re Orta Mahalle\u2019de Servet Yurtsever, B\u0131y\u0131kl\u0131 Mahallesi\u2019nde Ya\u015far \u00c7\u0131nar,&#8230;<\/p>\n","protected":false},"author":1,"featured_media":94871,"comment_status":"open","ping_status":"open","sticky":false,"template":"","format":"standard","meta":{"_crdt_document":"","footnotes":""},"categories":[1],"tags":[],"class_list":["post-94870","post","type-post","status-publish","format-standard","has-post-thumbnail","hentry","category-guncel"],"_links":{"self":[{"href":"https:\/\/www.egemtv.com\/index.php?rest_route=\/wp\/v2\/posts\/94870","targetHints":{"allow":["GET"]}}],"collection":[{"href":"https:\/\/www.egemtv.com\/index.php?rest_route=\/wp\/v2\/posts"}],"about":[{"href":"https:\/\/www.egemtv.com\/index.php?rest_route=\/wp\/v2\/types\/post"}],"author":[{"embeddable":true,"href":"https:\/\/www.egemtv.com\/index.php?rest_route=\/wp\/v2\/users\/1"}],"replies":[{"embeddable":true,"href":"https:\/\/www.egemtv.com\/index.php?rest_route=%2Fwp%2Fv2%2Fcomments&post=94870"}],"version-history":[{"count":1,"href":"https:\/\/www.egemtv.com\/index.php?rest_route=\/wp\/v2\/posts\/94870\/revisions"}],"predecessor-version":[{"id":94872,"href":"https:\/\/www.egemtv.com\/index.php?rest_route=\/wp\/v2\/posts\/94870\/revisions\/94872"}],"wp:featuredmedia":[{"embeddable":true,"href":"https:\/\/www.egemtv.com\/index.php?rest_route=\/wp\/v2\/media\/94871"}],"wp:attachment":[{"href":"https:\/\/www.egemtv.com\/index.php?rest_route=%2Fwp%2Fv2%2Fmedia&parent=94870"}],"wp:term":[{"taxonomy":"category","embeddable":true,"href":"https:\/\/www.egemtv.com\/index.php?rest_route=%2Fwp%2Fv2%2Fcategories&post=94870"},{"taxonomy":"post_tag","embeddable":true,"href":"https:\/\/www.egemtv.com\/index.php?rest_route=%2Fwp%2Fv2%2Ftags&post=94870"}],"curies":[{"name":"wp","href":"https:\/\/api.w.org\/{rel}","templated":true}]}}