{"id":94867,"date":"2026-03-23T11:15:39","date_gmt":"2026-03-23T08:15:39","guid":{"rendered":"https:\/\/www.egemtv.com\/?p=94867"},"modified":"2026-03-23T11:15:40","modified_gmt":"2026-03-23T08:15:40","slug":"emette-otomobil-sarampole-yuvarlandi-4-yarali","status":"publish","type":"post","link":"https:\/\/www.egemtv.com\/?p=94867","title":{"rendered":"Emet\u2019te otomobil \u015farampole yuvarland\u0131: 4 yaral\u0131"},"content":{"rendered":"<p>K\u00fctahya\u2019n\u0131n Emet il\u00e7esinde otomobilin \u015farampole yuvarlanmas\u0131 sonucu meydana gelen trafik kazas\u0131nda 4 ki\u015fi yaraland\u0131.<br \/>\n<br \/>Kaza, Emet il\u00e7esi E\u011frig\u00f6z Bah\u00e7elievler mevkiinde meydana geldi. Al\u0131nan bilgiye g\u00f6re, M.\u00d6. y\u00f6netimindeki 43 AGY 612 plakal\u0131 otomobil, s\u00fcr\u00fcc\u00fcs\u00fcn\u00fcn direksiyon h\u00e2kimiyetini kaybetmesi sonucu \u015farampole yuvarland\u0131. Kazada s\u00fcr\u00fcc\u00fc M.\u00d6. ile ara\u00e7ta bulunan M.A., M.C. ve A.E. ara\u00e7 i\u00e7erisinde s\u0131k\u0131\u015ft\u0131. \u0130hbar \u00fczerine olay yerine sa\u011fl\u0131k ve itfaiye ekipleri sevk edildi. S\u0131k\u0131\u015ft\u0131klar\u0131 ara\u00e7tan Emet Belediyesi itfaiye ekipleri taraf\u0131ndan \u00e7\u0131kar\u0131lan yaral\u0131lar, ambulanslarla Emet Dr. Faz\u0131l Do\u011fan Devlet Hastanesi\u2019ne kald\u0131r\u0131larak tedavi alt\u0131na al\u0131nd\u0131. Yaral\u0131lar\u0131n sa\u011fl\u0131k durumlar\u0131n\u0131n iyi oldu\u011fu \u00f6\u011frenildi.<br \/>\n<br \/>Kazayla ilgili soru\u015fturma ba\u015flat\u0131ld\u0131.<br \/><\/p>\n","protected":false},"excerpt":{"rendered":"<p>K\u00fctahya\u2019n\u0131n Emet il\u00e7esinde otomobilin \u015farampole yuvarlanmas\u0131 sonucu meydana gelen trafik kazas\u0131nda 4 ki\u015fi yaraland\u0131. Kaza, Emet il\u00e7esi E\u011frig\u00f6z Bah\u00e7elievler mevkiinde meydana geldi. Al\u0131nan bilgiye g\u00f6re, M.\u00d6. y\u00f6netimindeki 43 AGY 612 plakal\u0131 otomobil, s\u00fcr\u00fcc\u00fcs\u00fcn\u00fcn direksiyon h\u00e2kimiyetini kaybetmesi sonucu \u015farampole yuvarland\u0131. Kazada s\u00fcr\u00fcc\u00fc M.\u00d6. ile ara\u00e7ta bulunan M.A., M.C. ve A.E. ara\u00e7 i\u00e7erisinde s\u0131k\u0131\u015ft\u0131. \u0130hbar \u00fczerine olay&#8230;<\/p>\n","protected":false},"author":1,"featured_media":94868,"comment_status":"open","ping_status":"open","sticky":false,"template":"","format":"standard","meta":{"_crdt_document":"","footnotes":""},"categories":[5],"tags":[],"class_list":["post-94867","post","type-post","status-publish","format-standard","has-post-thumbnail","hentry","category-asayis"],"_links":{"self":[{"href":"https:\/\/www.egemtv.com\/index.php?rest_route=\/wp\/v2\/posts\/94867","targetHints":{"allow":["GET"]}}],"collection":[{"href":"https:\/\/www.egemtv.com\/index.php?rest_route=\/wp\/v2\/posts"}],"about":[{"href":"https:\/\/www.egemtv.com\/index.php?rest_route=\/wp\/v2\/types\/post"}],"author":[{"embeddable":true,"href":"https:\/\/www.egemtv.com\/index.php?rest_route=\/wp\/v2\/users\/1"}],"replies":[{"embeddable":true,"href":"https:\/\/www.egemtv.com\/index.php?rest_route=%2Fwp%2Fv2%2Fcomments&post=94867"}],"version-history":[{"count":1,"href":"https:\/\/www.egemtv.com\/index.php?rest_route=\/wp\/v2\/posts\/94867\/revisions"}],"predecessor-version":[{"id":94869,"href":"https:\/\/www.egemtv.com\/index.php?rest_route=\/wp\/v2\/posts\/94867\/revisions\/94869"}],"wp:featuredmedia":[{"embeddable":true,"href":"https:\/\/www.egemtv.com\/index.php?rest_route=\/wp\/v2\/media\/94868"}],"wp:attachment":[{"href":"https:\/\/www.egemtv.com\/index.php?rest_route=%2Fwp%2Fv2%2Fmedia&parent=94867"}],"wp:term":[{"taxonomy":"category","embeddable":true,"href":"https:\/\/www.egemtv.com\/index.php?rest_route=%2Fwp%2Fv2%2Fcategories&post=94867"},{"taxonomy":"post_tag","embeddable":true,"href":"https:\/\/www.egemtv.com\/index.php?rest_route=%2Fwp%2Fv2%2Ftags&post=94867"}],"curies":[{"name":"wp","href":"https:\/\/api.w.org\/{rel}","templated":true}]}}