{"id":94864,"date":"2026-03-23T11:15:38","date_gmt":"2026-03-23T08:15:38","guid":{"rendered":"https:\/\/www.egemtv.com\/?p=94864"},"modified":"2026-03-23T11:15:39","modified_gmt":"2026-03-23T08:15:39","slug":"mugla-orman-bolge-mudurlugunde-ilk-mesai-bayramlasma-heyecaniyla-basladi","status":"publish","type":"post","link":"https:\/\/www.egemtv.com\/?p=94864","title":{"rendered":"Mu\u011fla Orman B\u00f6lge M\u00fcd\u00fcrl\u00fc\u011f\u00fc\u2019nde ilk mesai bayramla\u015fma heyecan\u0131yla ba\u015flad\u0131"},"content":{"rendered":"<p>Ramazan Bayram\u0131 tatilinin ard\u0131ndan ilk i\u015f g\u00fcn\u00fcnde Mu\u011fla Orman B\u00f6lge M\u00fcd\u00fcrl\u00fc\u011f\u00fc personeli bir araya gelerek bayramla\u015ft\u0131.<\/p>\n<p>Orman te\u015fkilat\u0131nda yeni d\u00f6nemin \u00e7al\u0131\u015fmalar\u0131 bayramla\u015fma gelene\u011fiyle start ald\u0131. Ramazan Bayram\u0131\u2019n\u0131n ard\u0131ndan ilk mesai g\u00fcn\u00fc olan 23 Mart Pazartesi g\u00fcn\u00fc, Mu\u011fla Orman B\u00f6lge M\u00fcd\u00fcrl\u00fc\u011f\u00fc\u2019nde bayramla\u015fma t\u00f6reni d\u00fczenlendi. Tatil d\u00f6n\u00fc\u015f\u00fc kurumun yemekhanesinde bir araya gelen personel, hem bayram sevincini payla\u015ft\u0131.<\/p>\n<p>Bayramla\u015fma program\u0131na; Orman B\u00f6lge M\u00fcd\u00fcr Vekili Adnan G\u00fcller, B\u00f6lge M\u00fcd\u00fcr Yard\u0131mc\u0131s\u0131 Ersen \u00c7etin, \u015eube M\u00fcd\u00fcrleri, B\u00f6lge M\u00fcd\u00fcrl\u00fc\u011f\u00fc, Fidanl\u0131k M\u00fcd\u00fcrl\u00fc\u011f\u00fc personeli, Mu\u011fla ve Y\u0131lanl\u0131 Orman \u0130\u015fletme M\u00fcd\u00fcrl\u00fcklerinden \u00e7ok say\u0131da personel kat\u0131l\u0131m sa\u011flad\u0131.<\/p>\n<p>T\u00f6rende k\u0131sa bir konu\u015fma yapan B\u00f6lge M\u00fcd\u00fcr Vekili Adnan G\u00fcller, t\u00fcm personelin bayram\u0131n\u0131 kutlayarak, orman te\u015fkilat\u0131n\u0131n bir aile oldu\u011funu ve bu t\u00fcr bulu\u015fmalar\u0131n birlik ruhunu g\u00fc\u00e7lendirdi\u011fini vurgulad\u0131. Bayramla\u015fma t\u00f6reni, personelin kar\u015f\u0131l\u0131kl\u0131 iyi dileklerini iletmesinin ard\u0131ndan sona erdi.<br \/><\/p>\n","protected":false},"excerpt":{"rendered":"<p>Ramazan Bayram\u0131 tatilinin ard\u0131ndan ilk i\u015f g\u00fcn\u00fcnde Mu\u011fla Orman B\u00f6lge M\u00fcd\u00fcrl\u00fc\u011f\u00fc personeli bir araya gelerek bayramla\u015ft\u0131. Orman te\u015fkilat\u0131nda yeni d\u00f6nemin \u00e7al\u0131\u015fmalar\u0131 bayramla\u015fma gelene\u011fiyle start ald\u0131. Ramazan Bayram\u0131\u2019n\u0131n ard\u0131ndan ilk mesai g\u00fcn\u00fc olan 23 Mart Pazartesi g\u00fcn\u00fc, Mu\u011fla Orman B\u00f6lge M\u00fcd\u00fcrl\u00fc\u011f\u00fc\u2019nde bayramla\u015fma t\u00f6reni d\u00fczenlendi. Tatil d\u00f6n\u00fc\u015f\u00fc kurumun yemekhanesinde bir araya gelen personel, hem bayram sevincini payla\u015ft\u0131&#8230;.<\/p>\n","protected":false},"author":1,"featured_media":94865,"comment_status":"open","ping_status":"open","sticky":false,"template":"","format":"standard","meta":{"_crdt_document":"","footnotes":""},"categories":[1],"tags":[],"class_list":["post-94864","post","type-post","status-publish","format-standard","has-post-thumbnail","hentry","category-guncel"],"_links":{"self":[{"href":"https:\/\/www.egemtv.com\/index.php?rest_route=\/wp\/v2\/posts\/94864","targetHints":{"allow":["GET"]}}],"collection":[{"href":"https:\/\/www.egemtv.com\/index.php?rest_route=\/wp\/v2\/posts"}],"about":[{"href":"https:\/\/www.egemtv.com\/index.php?rest_route=\/wp\/v2\/types\/post"}],"author":[{"embeddable":true,"href":"https:\/\/www.egemtv.com\/index.php?rest_route=\/wp\/v2\/users\/1"}],"replies":[{"embeddable":true,"href":"https:\/\/www.egemtv.com\/index.php?rest_route=%2Fwp%2Fv2%2Fcomments&post=94864"}],"version-history":[{"count":1,"href":"https:\/\/www.egemtv.com\/index.php?rest_route=\/wp\/v2\/posts\/94864\/revisions"}],"predecessor-version":[{"id":94866,"href":"https:\/\/www.egemtv.com\/index.php?rest_route=\/wp\/v2\/posts\/94864\/revisions\/94866"}],"wp:featuredmedia":[{"embeddable":true,"href":"https:\/\/www.egemtv.com\/index.php?rest_route=\/wp\/v2\/media\/94865"}],"wp:attachment":[{"href":"https:\/\/www.egemtv.com\/index.php?rest_route=%2Fwp%2Fv2%2Fmedia&parent=94864"}],"wp:term":[{"taxonomy":"category","embeddable":true,"href":"https:\/\/www.egemtv.com\/index.php?rest_route=%2Fwp%2Fv2%2Fcategories&post=94864"},{"taxonomy":"post_tag","embeddable":true,"href":"https:\/\/www.egemtv.com\/index.php?rest_route=%2Fwp%2Fv2%2Ftags&post=94864"}],"curies":[{"name":"wp","href":"https:\/\/api.w.org\/{rel}","templated":true}]}}