{"id":94861,"date":"2026-03-23T10:40:55","date_gmt":"2026-03-23T07:40:55","guid":{"rendered":"https:\/\/www.egemtv.com\/?p=94861"},"modified":"2026-03-23T10:40:56","modified_gmt":"2026-03-23T07:40:56","slug":"okullar-acildi-germencikte-zabita-denetimlere-basladi","status":"publish","type":"post","link":"https:\/\/www.egemtv.com\/?p=94861","title":{"rendered":"Okullar a\u00e7\u0131ld\u0131, Germencik\u2019te zab\u0131ta denetimlere ba\u015flad\u0131"},"content":{"rendered":"<p>Ayd\u0131n\u2019da ikinci ara tatilin sona ermesiyle birlikte \u00f6\u011frenciler yeniden ders ba\u015f\u0131 yaparken, Germencik\u2019te zab\u0131ta ekipleri okul \u00e7evrelerinde denetimlerini art\u0131rd\u0131. \u00d6\u011frencilerin g\u00fcvenli\u011fini sa\u011flamak amac\u0131yla sahaya inen ekipler, \u00f6zellikle okul \u00f6nleri ve yaya ge\u00e7itlerinde kontroller ger\u00e7ekle\u015ftirdi.<\/p>\n<p>Milli E\u011fitim Bakanl\u0131\u011f\u0131\u2019na ba\u011fl\u0131 ilk ve orta\u00f6\u011fretim kurumlar\u0131nda e\u011fitim g\u00f6ren yakla\u015f\u0131k 18 milyon \u00f6\u011frenci ve 1,2 milyon \u00f6\u011fretmen, ikinci ara tatilin ard\u0131ndan yeniden ders ba\u015f\u0131 yapt\u0131. Ayd\u0131n genelinde ise 877 okul ve kurumda e\u011fitim g\u00f6ren 188 bin 343 \u00f6\u011frenci ile 15 bin 750 \u00f6\u011fretmen e\u011fitim \u00f6\u011fretime kald\u0131\u011f\u0131 yerden devam etti. Bu kapsamda Germencik Belediyesi Zab\u0131ta M\u00fcd\u00fcrl\u00fc\u011f\u00fc ekipleri de yeni haftan\u0131n ilk mesaisine sahada ba\u015flad\u0131. \u00d6zellikle \u00f6\u011frencilerin yo\u011fun olarak kulland\u0131\u011f\u0131 okul \u00e7evreleri, yaya ge\u00e7itleri ve trafik ak\u0131\u015f\u0131n\u0131n bulundu\u011fu noktalarda denetimlerini s\u00fcrd\u00fcren ekipler, hem s\u00fcr\u00fcc\u00fclere uyar\u0131larda bulundu hem de \u00f6\u011frencilerin g\u00fcvenli ge\u00e7i\u015f yapabilmesi i\u00e7in \u00f6nlem ald\u0131.<\/p>\n<p>&#8220;\u00c7ocuklar\u0131m\u0131z\u0131n g\u00fcvenli\u011fi \u00f6nceli\u011fimiz&#8221;<br \/>\n<br \/>Germencik Belediye Ba\u015fkan\u0131 Burak Zencirci zab\u0131ta ekiplerinin \u00e7al\u0131\u015fmalar\u0131na ili\u015fkin yapt\u0131\u011f\u0131 a\u00e7\u0131klamada, &#8220;Zab\u0131ta M\u00fcd\u00fcrl\u00fc\u011f\u00fcm\u00fcze ba\u011fl\u0131 ekiplerimiz, yeni haftan\u0131n ilk mesaisine \u00e7ocuklar\u0131m\u0131z\u0131n g\u00fcvenli\u011fi i\u00e7in okul \u00e7evreleri ve yaya ge\u00e7itlerinde denetimlerle ba\u015flad\u0131. Evlatlar\u0131m\u0131z\u0131n huzurlu bir e\u011fitim haftas\u0131 ge\u00e7irmesini diliyoruz&#8221; ifadelerini kulland\u0131.<br \/><\/p>\n","protected":false},"excerpt":{"rendered":"<p>Ayd\u0131n\u2019da ikinci ara tatilin sona ermesiyle birlikte \u00f6\u011frenciler yeniden ders ba\u015f\u0131 yaparken, Germencik\u2019te zab\u0131ta ekipleri okul \u00e7evrelerinde denetimlerini art\u0131rd\u0131. \u00d6\u011frencilerin g\u00fcvenli\u011fini sa\u011flamak amac\u0131yla sahaya inen ekipler, \u00f6zellikle okul \u00f6nleri ve yaya ge\u00e7itlerinde kontroller ger\u00e7ekle\u015ftirdi. Milli E\u011fitim Bakanl\u0131\u011f\u0131\u2019na ba\u011fl\u0131 ilk ve orta\u00f6\u011fretim kurumlar\u0131nda e\u011fitim g\u00f6ren yakla\u015f\u0131k 18 milyon \u00f6\u011frenci ve 1,2 milyon \u00f6\u011fretmen, ikinci ara tatilin&#8230;<\/p>\n","protected":false},"author":1,"featured_media":94862,"comment_status":"open","ping_status":"open","sticky":false,"template":"","format":"standard","meta":{"_crdt_document":"","footnotes":""},"categories":[1],"tags":[],"class_list":["post-94861","post","type-post","status-publish","format-standard","has-post-thumbnail","hentry","category-guncel"],"_links":{"self":[{"href":"https:\/\/www.egemtv.com\/index.php?rest_route=\/wp\/v2\/posts\/94861","targetHints":{"allow":["GET"]}}],"collection":[{"href":"https:\/\/www.egemtv.com\/index.php?rest_route=\/wp\/v2\/posts"}],"about":[{"href":"https:\/\/www.egemtv.com\/index.php?rest_route=\/wp\/v2\/types\/post"}],"author":[{"embeddable":true,"href":"https:\/\/www.egemtv.com\/index.php?rest_route=\/wp\/v2\/users\/1"}],"replies":[{"embeddable":true,"href":"https:\/\/www.egemtv.com\/index.php?rest_route=%2Fwp%2Fv2%2Fcomments&post=94861"}],"version-history":[{"count":1,"href":"https:\/\/www.egemtv.com\/index.php?rest_route=\/wp\/v2\/posts\/94861\/revisions"}],"predecessor-version":[{"id":94863,"href":"https:\/\/www.egemtv.com\/index.php?rest_route=\/wp\/v2\/posts\/94861\/revisions\/94863"}],"wp:featuredmedia":[{"embeddable":true,"href":"https:\/\/www.egemtv.com\/index.php?rest_route=\/wp\/v2\/media\/94862"}],"wp:attachment":[{"href":"https:\/\/www.egemtv.com\/index.php?rest_route=%2Fwp%2Fv2%2Fmedia&parent=94861"}],"wp:term":[{"taxonomy":"category","embeddable":true,"href":"https:\/\/www.egemtv.com\/index.php?rest_route=%2Fwp%2Fv2%2Fcategories&post=94861"},{"taxonomy":"post_tag","embeddable":true,"href":"https:\/\/www.egemtv.com\/index.php?rest_route=%2Fwp%2Fv2%2Ftags&post=94861"}],"curies":[{"name":"wp","href":"https:\/\/api.w.org\/{rel}","templated":true}]}}