{"id":94858,"date":"2026-03-23T10:40:54","date_gmt":"2026-03-23T07:40:54","guid":{"rendered":"https:\/\/www.egemtv.com\/?p=94858"},"modified":"2026-03-23T10:40:55","modified_gmt":"2026-03-23T07:40:55","slug":"tavsanlida-iki-otomobil-carpisti-1-bebek-3-kisi-yaralandi","status":"publish","type":"post","link":"https:\/\/www.egemtv.com\/?p=94858","title":{"rendered":"Tav\u015fanl\u0131\u2019da iki otomobil \u00e7arp\u0131\u015ft\u0131 1 bebek 3 ki\u015fi yaraland\u0131"},"content":{"rendered":"<p>K\u00fctahya\u2019n\u0131n Tav\u015fanl\u0131 il\u00e7esinde iki otomobilin kav\u015fakta \u00e7arp\u0131\u015fmas\u0131 sonucu meydana gelen trafik kazas\u0131nda, ayn\u0131 aileden biri bebek olmak \u00fczere 3 ki\u015fi yaraland\u0131.<br \/>\n<br \/>Kaza, Han\u0131m\u00e7e\u015fme Mahallesi Tuna Sokak ile Ekmel Sokak yol ayr\u0131m\u0131nda meydana geldi. Edinilen bilgilere g\u00f6re, K.K. idaresindeki 43 UD 060 plakal\u0131 otomobil ile B.T. y\u00f6netimindeki 43 HH 430 plakal\u0131 otomobil sokak kesi\u015fiminde \u00e7arp\u0131\u015ft\u0131. \u00c7evredeki vatanda\u015flar\u0131n ihbar\u0131 \u00fczerine olay yerine vakit kaybetmeden sa\u011fl\u0131k ve polis ekipleri sevk edildi. Kazada, 43 HH 430 plakal\u0131 otomobilin s\u00fcr\u00fcc\u00fcs\u00fc B.T. ile ara\u00e7ta yolcu konumunda bulunan \u00dc.S.T. ve hen\u00fcz 3 ya\u015f\u0131nda oldu\u011fu \u00f6\u011frenilen S.T.T. yaraland\u0131. Yaral\u0131lar, sa\u011fl\u0131k ekiplerinin olay yerindeki ilk m\u00fcdahalesinin ard\u0131ndan ambulanslarla Tav\u015fanl\u0131 Do\u00e7. Dr. Mustafa Kalemli Devlet Hastanesi\u2019ne kald\u0131r\u0131larak tedavi alt\u0131na al\u0131nd\u0131.<br \/>\n<br \/>Polis ekipleri, kazan\u0131n meydana geldi\u011fi b\u00f6lgede inceleme yaparak tahkikat ba\u015flatt\u0131.<br \/><\/p>\n","protected":false},"excerpt":{"rendered":"<p>K\u00fctahya\u2019n\u0131n Tav\u015fanl\u0131 il\u00e7esinde iki otomobilin kav\u015fakta \u00e7arp\u0131\u015fmas\u0131 sonucu meydana gelen trafik kazas\u0131nda, ayn\u0131 aileden biri bebek olmak \u00fczere 3 ki\u015fi yaraland\u0131. Kaza, Han\u0131m\u00e7e\u015fme Mahallesi Tuna Sokak ile Ekmel Sokak yol ayr\u0131m\u0131nda meydana geldi. Edinilen bilgilere g\u00f6re, K.K. idaresindeki 43 UD 060 plakal\u0131 otomobil ile B.T. y\u00f6netimindeki 43 HH 430 plakal\u0131 otomobil sokak kesi\u015fiminde \u00e7arp\u0131\u015ft\u0131. \u00c7evredeki&#8230;<\/p>\n","protected":false},"author":1,"featured_media":94859,"comment_status":"open","ping_status":"open","sticky":false,"template":"","format":"standard","meta":{"_crdt_document":"","footnotes":""},"categories":[5],"tags":[],"class_list":["post-94858","post","type-post","status-publish","format-standard","has-post-thumbnail","hentry","category-asayis"],"_links":{"self":[{"href":"https:\/\/www.egemtv.com\/index.php?rest_route=\/wp\/v2\/posts\/94858","targetHints":{"allow":["GET"]}}],"collection":[{"href":"https:\/\/www.egemtv.com\/index.php?rest_route=\/wp\/v2\/posts"}],"about":[{"href":"https:\/\/www.egemtv.com\/index.php?rest_route=\/wp\/v2\/types\/post"}],"author":[{"embeddable":true,"href":"https:\/\/www.egemtv.com\/index.php?rest_route=\/wp\/v2\/users\/1"}],"replies":[{"embeddable":true,"href":"https:\/\/www.egemtv.com\/index.php?rest_route=%2Fwp%2Fv2%2Fcomments&post=94858"}],"version-history":[{"count":1,"href":"https:\/\/www.egemtv.com\/index.php?rest_route=\/wp\/v2\/posts\/94858\/revisions"}],"predecessor-version":[{"id":94860,"href":"https:\/\/www.egemtv.com\/index.php?rest_route=\/wp\/v2\/posts\/94858\/revisions\/94860"}],"wp:featuredmedia":[{"embeddable":true,"href":"https:\/\/www.egemtv.com\/index.php?rest_route=\/wp\/v2\/media\/94859"}],"wp:attachment":[{"href":"https:\/\/www.egemtv.com\/index.php?rest_route=%2Fwp%2Fv2%2Fmedia&parent=94858"}],"wp:term":[{"taxonomy":"category","embeddable":true,"href":"https:\/\/www.egemtv.com\/index.php?rest_route=%2Fwp%2Fv2%2Fcategories&post=94858"},{"taxonomy":"post_tag","embeddable":true,"href":"https:\/\/www.egemtv.com\/index.php?rest_route=%2Fwp%2Fv2%2Ftags&post=94858"}],"curies":[{"name":"wp","href":"https:\/\/api.w.org\/{rel}","templated":true}]}}