{"id":94855,"date":"2026-03-23T10:40:53","date_gmt":"2026-03-23T07:40:53","guid":{"rendered":"https:\/\/www.egemtv.com\/?p=94855"},"modified":"2026-03-23T10:40:54","modified_gmt":"2026-03-23T07:40:54","slug":"baskan-kahveci-uretim-vatandaslarimizin-yaninda-olmaya-devam-edecegiz","status":"publish","type":"post","link":"https:\/\/www.egemtv.com\/?p=94855","title":{"rendered":"Ba\u015fkan Kahveci: &#8220;\u00dcretim vatanda\u015flar\u0131m\u0131z\u0131n yan\u0131nda olmaya devam edece\u011fiz&#8221;"},"content":{"rendered":"<p>K\u00fctahya Belediye Ba\u015fkan\u0131 Ey\u00fcp Kahveci, &#8220;K\u00fctahya Y\u00f6resel Lezzetler ve El Sanatlar\u0131&#8221; stantlar\u0131n\u0131 ziyaret etti.<br \/>\n<br \/>Ger\u00e7ekle\u015ftirilen ziyarette Ba\u015fkan Kahveci, stant a\u00e7an \u00fcreticiler ve vatanda\u015flarla bir araya gelerek bayramlar\u0131n\u0131 kutlad\u0131. El eme\u011fi g\u00f6z nuru \u00fcr\u00fcnleri inceleyen Kahveci, \u00fcreticilere hay\u0131rl\u0131 ve bereketli kazan\u00e7lar temennisinde bulundu. Ziyaret s\u0131ras\u0131nda birlik, beraberlik ve payla\u015fma duygular\u0131na vurgu yapan Ba\u015fkan Kahveci, \u00fcretim yapan vatanda\u015flar\u0131n her zaman yan\u0131nda olmaya devam edeceklerini ifade etti. Samimi sohbetlerin ya\u015fand\u0131\u011f\u0131 ziyarette bayram\u0131n s\u0131cak atmosferi birlikte payla\u015f\u0131l\u0131rken, \u00fcreticiler ve vatanda\u015flar\u0131n memnuniyeti de dikkat \u00e7ekti.<br \/><\/p>\n","protected":false},"excerpt":{"rendered":"<p>K\u00fctahya Belediye Ba\u015fkan\u0131 Ey\u00fcp Kahveci, &#8220;K\u00fctahya Y\u00f6resel Lezzetler ve El Sanatlar\u0131&#8221; stantlar\u0131n\u0131 ziyaret etti. Ger\u00e7ekle\u015ftirilen ziyarette Ba\u015fkan Kahveci, stant a\u00e7an \u00fcreticiler ve vatanda\u015flarla bir araya gelerek bayramlar\u0131n\u0131 kutlad\u0131. El eme\u011fi g\u00f6z nuru \u00fcr\u00fcnleri inceleyen Kahveci, \u00fcreticilere hay\u0131rl\u0131 ve bereketli kazan\u00e7lar temennisinde bulundu. Ziyaret s\u0131ras\u0131nda birlik, beraberlik ve payla\u015fma duygular\u0131na vurgu yapan Ba\u015fkan Kahveci, \u00fcretim yapan&#8230;<\/p>\n","protected":false},"author":1,"featured_media":94856,"comment_status":"open","ping_status":"open","sticky":false,"template":"","format":"standard","meta":{"_crdt_document":"","footnotes":""},"categories":[123],"tags":[],"class_list":["post-94855","post","type-post","status-publish","format-standard","has-post-thumbnail","hentry","category-gundem"],"_links":{"self":[{"href":"https:\/\/www.egemtv.com\/index.php?rest_route=\/wp\/v2\/posts\/94855","targetHints":{"allow":["GET"]}}],"collection":[{"href":"https:\/\/www.egemtv.com\/index.php?rest_route=\/wp\/v2\/posts"}],"about":[{"href":"https:\/\/www.egemtv.com\/index.php?rest_route=\/wp\/v2\/types\/post"}],"author":[{"embeddable":true,"href":"https:\/\/www.egemtv.com\/index.php?rest_route=\/wp\/v2\/users\/1"}],"replies":[{"embeddable":true,"href":"https:\/\/www.egemtv.com\/index.php?rest_route=%2Fwp%2Fv2%2Fcomments&post=94855"}],"version-history":[{"count":1,"href":"https:\/\/www.egemtv.com\/index.php?rest_route=\/wp\/v2\/posts\/94855\/revisions"}],"predecessor-version":[{"id":94857,"href":"https:\/\/www.egemtv.com\/index.php?rest_route=\/wp\/v2\/posts\/94855\/revisions\/94857"}],"wp:featuredmedia":[{"embeddable":true,"href":"https:\/\/www.egemtv.com\/index.php?rest_route=\/wp\/v2\/media\/94856"}],"wp:attachment":[{"href":"https:\/\/www.egemtv.com\/index.php?rest_route=%2Fwp%2Fv2%2Fmedia&parent=94855"}],"wp:term":[{"taxonomy":"category","embeddable":true,"href":"https:\/\/www.egemtv.com\/index.php?rest_route=%2Fwp%2Fv2%2Fcategories&post=94855"},{"taxonomy":"post_tag","embeddable":true,"href":"https:\/\/www.egemtv.com\/index.php?rest_route=%2Fwp%2Fv2%2Ftags&post=94855"}],"curies":[{"name":"wp","href":"https:\/\/api.w.org\/{rel}","templated":true}]}}