{"id":94852,"date":"2026-03-23T10:05:41","date_gmt":"2026-03-23T07:05:41","guid":{"rendered":"https:\/\/www.egemtv.com\/?p=94852"},"modified":"2026-03-23T10:05:45","modified_gmt":"2026-03-23T07:05:45","slug":"yarim-asirlik-kalay-ustasi-cirak-sikintisina-dikkat-cekti","status":"publish","type":"post","link":"https:\/\/www.egemtv.com\/?p=94852","title":{"rendered":"Yar\u0131m as\u0131rl\u0131k kalay ustas\u0131 \u2018\u00e7\u0131rak\u2019 s\u0131k\u0131nt\u0131s\u0131na dikkat \u00e7ekti"},"content":{"rendered":"<p>Ayd\u0131n\u2019daki kalayc\u0131l\u0131\u011f\u0131n son temsilcilerinden olan 58 ya\u015f\u0131ndaki 2 \u00e7ocuk babas\u0131 Murat U\u00e7ar, \u00e7\u0131rak olarak girdi\u011fi mesle\u011finde 50 y\u0131l\u0131 doldururken, en b\u00fcy\u00fck \u00fcz\u00fcnt\u00fcs\u00fcn\u00fcn yeti\u015ftirecek \u00e7\u0131rak bulamamak oldu\u011funu s\u00f6yleyerek &#8220;Bak\u0131r bitmez ama art\u0131k usta kalmad\u0131&#8221; dedi.<\/p>\n<p>Ayd\u0131n\u2019da ya\u015fayan Murat U\u00e7ar (58), \u00e7\u0131rak olarak ba\u015flad\u0131\u011f\u0131 bak\u0131r ve kalayc\u0131l\u0131k i\u015finde 50. y\u0131l\u0131n\u0131 doldurdu. Bu mesle\u011fin \u015fehirdeki son temsilcilerinden olan U\u00e7ar, yeti\u015ftirecek \u00e7\u0131rak bulamad\u0131klar\u0131n\u0131 ifade ederken, en b\u00fcy\u00fck hayallerinden birisinin de ustal\u0131\u011f\u0131n\u0131 gen\u00e7 nesillere aktarabilmek oldu\u011funu s\u00f6yledi. Ayd\u0131n genelinde kalay ustas\u0131 say\u0131s\u0131n\u0131n bir elin parma\u011f\u0131n\u0131 ge\u00e7medi\u011fini ve i\u015fini b\u0131rakt\u0131ktan sonra vatanda\u015flar\u0131n bak\u0131rlar\u0131n\u0131n orta kalaca\u011f\u0131n\u0131 ifade eden U\u00e7ar; &#8220;Bak\u0131r bitmez ama art\u0131k usta kalmad\u0131&#8221; dedi.<\/p>\n<p>Kendisinin de mesle\u011finde sona yakla\u015ft\u0131\u011f\u0131n\u0131 ve ustal\u0131\u011f\u0131n kendileriyle beraber topra\u011fa gidece\u011fini vurgulayan U\u00e7ar; &#8220;1976\u2019dan beri bu mesle\u011fi yap\u0131yorum. Baba mesle\u011fi zaten. Allah\u2019a \u00e7ok \u015f\u00fck\u00fcr \u00e7ocuklar\u0131m\u0131 evlendirdim, ge\u00e7imimi buradan sa\u011fl\u0131yorum ama art\u0131k ben de mesle\u011fimde sona yakla\u015ft\u0131m. Yar\u0131m as\u0131rd\u0131r bu i\u015fi yap\u0131yorum, art\u0131k i\u015ften emekli olma zaman\u0131m geldi. Mesle\u011fimi \u00e7ok seviyorum ama art\u0131k sa\u011fl\u0131k sorunlar\u0131m sebebiyle yava\u015f yava\u015f b\u0131rakmaya ba\u015flad\u0131m. Daha ne kadar bu i\u015fi s\u00fcrd\u00fcrebilirim bilmiyorum. Ama benim en b\u00fcy\u00fck \u00fcz\u00fcnt\u00fcm yeti\u015ftirecek \u00e7\u0131rak bulamamak. Mesle\u011fin yok olmas\u0131na \u00fcz\u00fcl\u00fcyorum. Bu mesle\u011fi \u00f6\u011frenen olsa a\u00e7 ve a\u00e7\u0131kta kalmaz. Maalesef gen\u00e7ler ra\u011fbet g\u00f6stermiyor, aileler de g\u00f6ndermiyor. Sanayi ortam\u0131nda, zanaat i\u015flerinde art\u0131k \u00e7\u0131rak kalmad\u0131. \u00d6\u011frenen nesil yok. En b\u00fcy\u00fck korkum, ben de mesle\u011fi b\u0131rakt\u0131ktan sonra bu milletin bak\u0131rlar\u0131 ne olacak. Yani bak\u0131r bitmez ama usta bitti. Ger\u00e7ekten en b\u00fcy\u00fck korkum bu. Bak\u0131r \u00e7ok ama usta yok. Maalesef ustal\u0131\u011f\u0131m\u0131 aktarabilece\u011fim kimse yok. Ke\u015fke birisine b\u0131rakabilsem&#8221; dedi.<br \/><\/p>\n","protected":false},"excerpt":{"rendered":"<p>Ayd\u0131n\u2019daki kalayc\u0131l\u0131\u011f\u0131n son temsilcilerinden olan 58 ya\u015f\u0131ndaki 2 \u00e7ocuk babas\u0131 Murat U\u00e7ar, \u00e7\u0131rak olarak girdi\u011fi mesle\u011finde 50 y\u0131l\u0131 doldururken, en b\u00fcy\u00fck \u00fcz\u00fcnt\u00fcs\u00fcn\u00fcn yeti\u015ftirecek \u00e7\u0131rak bulamamak oldu\u011funu s\u00f6yleyerek &#8220;Bak\u0131r bitmez ama art\u0131k usta kalmad\u0131&#8221; dedi. Ayd\u0131n\u2019da ya\u015fayan Murat U\u00e7ar (58), \u00e7\u0131rak olarak ba\u015flad\u0131\u011f\u0131 bak\u0131r ve kalayc\u0131l\u0131k i\u015finde 50. y\u0131l\u0131n\u0131 doldurdu. Bu mesle\u011fin \u015fehirdeki son temsilcilerinden olan&#8230;<\/p>\n","protected":false},"author":1,"featured_media":94853,"comment_status":"open","ping_status":"open","sticky":false,"template":"","format":"standard","meta":{"_crdt_document":"","footnotes":""},"categories":[123],"tags":[],"class_list":["post-94852","post","type-post","status-publish","format-standard","has-post-thumbnail","hentry","category-gundem"],"_links":{"self":[{"href":"https:\/\/www.egemtv.com\/index.php?rest_route=\/wp\/v2\/posts\/94852","targetHints":{"allow":["GET"]}}],"collection":[{"href":"https:\/\/www.egemtv.com\/index.php?rest_route=\/wp\/v2\/posts"}],"about":[{"href":"https:\/\/www.egemtv.com\/index.php?rest_route=\/wp\/v2\/types\/post"}],"author":[{"embeddable":true,"href":"https:\/\/www.egemtv.com\/index.php?rest_route=\/wp\/v2\/users\/1"}],"replies":[{"embeddable":true,"href":"https:\/\/www.egemtv.com\/index.php?rest_route=%2Fwp%2Fv2%2Fcomments&post=94852"}],"version-history":[{"count":1,"href":"https:\/\/www.egemtv.com\/index.php?rest_route=\/wp\/v2\/posts\/94852\/revisions"}],"predecessor-version":[{"id":94854,"href":"https:\/\/www.egemtv.com\/index.php?rest_route=\/wp\/v2\/posts\/94852\/revisions\/94854"}],"wp:featuredmedia":[{"embeddable":true,"href":"https:\/\/www.egemtv.com\/index.php?rest_route=\/wp\/v2\/media\/94853"}],"wp:attachment":[{"href":"https:\/\/www.egemtv.com\/index.php?rest_route=%2Fwp%2Fv2%2Fmedia&parent=94852"}],"wp:term":[{"taxonomy":"category","embeddable":true,"href":"https:\/\/www.egemtv.com\/index.php?rest_route=%2Fwp%2Fv2%2Fcategories&post=94852"},{"taxonomy":"post_tag","embeddable":true,"href":"https:\/\/www.egemtv.com\/index.php?rest_route=%2Fwp%2Fv2%2Ftags&post=94852"}],"curies":[{"name":"wp","href":"https:\/\/api.w.org\/{rel}","templated":true}]}}