{"id":94846,"date":"2026-03-23T00:10:33","date_gmt":"2026-03-22T21:10:33","guid":{"rendered":"https:\/\/www.egemtv.com\/?p=94846"},"modified":"2026-03-23T00:10:34","modified_gmt":"2026-03-22T21:10:34","slug":"aydinli-eski-bakanlar-kazada-yaralandi","status":"publish","type":"post","link":"https:\/\/www.egemtv.com\/?p=94846","title":{"rendered":"Ayd\u0131nl\u0131 eski bakanlar kazada yaraland\u0131"},"content":{"rendered":"<p>Eski\u015fehir\u2019de zincirleme trafik kazas\u0131nda aralar\u0131nda Ayd\u0131nl\u0131 K\u00fclt\u00fcr ve Turizm eski Bakan\u0131 Atilla Ko\u00e7 ile k\u0131z\u0131 Aile, \u00c7al\u0131\u015fma ve Sosyal Hizmetler eski Bakan\u0131 Zehra Z\u00fcmr\u00fct Sel\u00e7uk\u2019un da bulundu\u011fu 8 ki\u015fi yaraland\u0131.<\/p>\n<p>Kaza, Sivrihisar il\u00e7esi Kaymaz Mahallesi O\u011flak\u00e7\u0131 mevkiinde meydana geldi. Edinilen bilgilere g\u00f6re, \u00e7ok say\u0131da arac\u0131n kar\u0131\u015ft\u0131\u011f\u0131 bir zincirleme trafik kazas\u0131 meydana geldi. Trafik kazas\u0131nda aralar\u0131nda Ayd\u0131nl\u0131 K\u00fclt\u00fcr ve Turizm eski Bakan\u0131 Atilla Ko\u00e7 ile k\u0131z\u0131 Aile, \u00c7al\u0131\u015fma ve Sosyal Hizmetler eski Bakan\u0131 Zehra Z\u00fcmr\u00fct Sel\u00e7uk\u2019un da aralar\u0131nda bulundu\u011fu 8 ki\u015fi yaraland\u0131. \u0130hbar \u00fczerine olay yerine kolluk birimleri ve sa\u011fl\u0131k ekipleri sevk edildi. Sa\u011fl\u0131k ekiplerinin m\u00fcdahale etti\u011fi Atilla Ko\u00e7 ve Zehra Z\u00fcmr\u00fct Sel\u00e7uk, Ankara\u2019da hastaneye kald\u0131r\u0131ld\u0131. Di\u011fer 6 yaral\u0131 ise \u00e7evredeki hastanelerde tedavi alt\u0131na al\u0131nd\u0131. Yaral\u0131lar\u0131n hayati tehlikelerinin bulunmad\u0131\u011f\u0131 \u00f6\u011frenildi.<\/p>\n<p>Kazayla ilgili inceleme ba\u015flat\u0131ld\u0131.<br \/><\/p>\n","protected":false},"excerpt":{"rendered":"<p>Eski\u015fehir\u2019de zincirleme trafik kazas\u0131nda aralar\u0131nda Ayd\u0131nl\u0131 K\u00fclt\u00fcr ve Turizm eski Bakan\u0131 Atilla Ko\u00e7 ile k\u0131z\u0131 Aile, \u00c7al\u0131\u015fma ve Sosyal Hizmetler eski Bakan\u0131 Zehra Z\u00fcmr\u00fct Sel\u00e7uk\u2019un da bulundu\u011fu 8 ki\u015fi yaraland\u0131. Kaza, Sivrihisar il\u00e7esi Kaymaz Mahallesi O\u011flak\u00e7\u0131 mevkiinde meydana geldi. Edinilen bilgilere g\u00f6re, \u00e7ok say\u0131da arac\u0131n kar\u0131\u015ft\u0131\u011f\u0131 bir zincirleme trafik kazas\u0131 meydana geldi. Trafik kazas\u0131nda aralar\u0131nda&#8230;<\/p>\n","protected":false},"author":1,"featured_media":94847,"comment_status":"open","ping_status":"open","sticky":false,"template":"","format":"standard","meta":{"_crdt_document":"","footnotes":""},"categories":[5],"tags":[],"class_list":["post-94846","post","type-post","status-publish","format-standard","has-post-thumbnail","hentry","category-asayis"],"_links":{"self":[{"href":"https:\/\/www.egemtv.com\/index.php?rest_route=\/wp\/v2\/posts\/94846","targetHints":{"allow":["GET"]}}],"collection":[{"href":"https:\/\/www.egemtv.com\/index.php?rest_route=\/wp\/v2\/posts"}],"about":[{"href":"https:\/\/www.egemtv.com\/index.php?rest_route=\/wp\/v2\/types\/post"}],"author":[{"embeddable":true,"href":"https:\/\/www.egemtv.com\/index.php?rest_route=\/wp\/v2\/users\/1"}],"replies":[{"embeddable":true,"href":"https:\/\/www.egemtv.com\/index.php?rest_route=%2Fwp%2Fv2%2Fcomments&post=94846"}],"version-history":[{"count":1,"href":"https:\/\/www.egemtv.com\/index.php?rest_route=\/wp\/v2\/posts\/94846\/revisions"}],"predecessor-version":[{"id":94848,"href":"https:\/\/www.egemtv.com\/index.php?rest_route=\/wp\/v2\/posts\/94846\/revisions\/94848"}],"wp:featuredmedia":[{"embeddable":true,"href":"https:\/\/www.egemtv.com\/index.php?rest_route=\/wp\/v2\/media\/94847"}],"wp:attachment":[{"href":"https:\/\/www.egemtv.com\/index.php?rest_route=%2Fwp%2Fv2%2Fmedia&parent=94846"}],"wp:term":[{"taxonomy":"category","embeddable":true,"href":"https:\/\/www.egemtv.com\/index.php?rest_route=%2Fwp%2Fv2%2Fcategories&post=94846"},{"taxonomy":"post_tag","embeddable":true,"href":"https:\/\/www.egemtv.com\/index.php?rest_route=%2Fwp%2Fv2%2Ftags&post=94846"}],"curies":[{"name":"wp","href":"https:\/\/api.w.org\/{rel}","templated":true}]}}