{"id":94843,"date":"2026-03-22T23:35:40","date_gmt":"2026-03-22T20:35:40","guid":{"rendered":"https:\/\/www.egemtv.com\/?p=94843"},"modified":"2026-03-22T23:35:41","modified_gmt":"2026-03-22T20:35:41","slug":"manisada-kayip-dagcidan-haber-alinamiyor","status":"publish","type":"post","link":"https:\/\/www.egemtv.com\/?p=94843","title":{"rendered":"Manisa\u2019da kay\u0131p da\u011fc\u0131dan haber al\u0131nam\u0131yor"},"content":{"rendered":"<p>Manisa\u2019n\u0131n Salihli il\u00e7esinde d\u00fcnden beri haber al\u0131namayan kay\u0131p da\u011fc\u0131 i\u00e7in arama kurtarma \u00e7al\u0131\u015fmalar\u0131 devam ediyor.<br \/>\n<br \/>Al\u0131nan bilgiye g\u00f6re, d\u00fcn \u00f6\u011fleden sonra Salihli\u2019nin \u00c7akaldo\u011fan Mahallesi mevkiinden zirve y\u00fcr\u00fcy\u00fc\u015f\u00fcne \u00e7\u0131kan 53 ya\u015f\u0131naki Umut Tanr\u0131kulu,  bir s\u00fcre sonra y\u00f6n\u00fcn\u00fc kaybederek arkada\u015flar\u0131na ula\u015ft\u0131. Arkada\u015flar\u0131n\u0131n ihbar\u0131 \u00fczerine b\u00f6lgeye AFAD, jandarma Arama Kurtarma (JAK) ekipleri sevk edildi. Arama kurtarma \u00e7al\u0131\u015fmalar\u0131na Burhan Mahallesi\u2019nden g\u00f6n\u00fcll\u00fc vatanda\u015flar da kat\u0131ld\u0131. \u00c7al\u0131\u015fmalar esnas\u0131nda Tanr\u0131kulu\u2019na ait baz\u0131 e\u015fyalara ula\u015f\u0131ld\u0131.<br \/>\n<br \/>Burhan Mahallesi Yaylar\u0131 Allahtankarl\u0131 mevkiindeki arama ve kurtarma \u00e7al\u0131\u015fmalar\u0131na, havan\u0131n kararmas\u0131 ve b\u00f6lgede etkili olan olumsuz hava \u015fartlar\u0131 nedeniyle ara verildi. Arama kurtarma \u00e7al\u0131\u015fmalar\u0131n\u0131n yar\u0131n devam edece\u011fi \u00f6\u011frenildi.<br \/><\/p>\n","protected":false},"excerpt":{"rendered":"<p>Manisa\u2019n\u0131n Salihli il\u00e7esinde d\u00fcnden beri haber al\u0131namayan kay\u0131p da\u011fc\u0131 i\u00e7in arama kurtarma \u00e7al\u0131\u015fmalar\u0131 devam ediyor. Al\u0131nan bilgiye g\u00f6re, d\u00fcn \u00f6\u011fleden sonra Salihli\u2019nin \u00c7akaldo\u011fan Mahallesi mevkiinden zirve y\u00fcr\u00fcy\u00fc\u015f\u00fcne \u00e7\u0131kan 53 ya\u015f\u0131naki Umut Tanr\u0131kulu, bir s\u00fcre sonra y\u00f6n\u00fcn\u00fc kaybederek arkada\u015flar\u0131na ula\u015ft\u0131. Arkada\u015flar\u0131n\u0131n ihbar\u0131 \u00fczerine b\u00f6lgeye AFAD, jandarma Arama Kurtarma (JAK) ekipleri sevk edildi. Arama kurtarma \u00e7al\u0131\u015fmalar\u0131na Burhan&#8230;<\/p>\n","protected":false},"author":1,"featured_media":94844,"comment_status":"open","ping_status":"open","sticky":false,"template":"","format":"standard","meta":{"_crdt_document":"","footnotes":""},"categories":[5],"tags":[],"class_list":["post-94843","post","type-post","status-publish","format-standard","has-post-thumbnail","hentry","category-asayis"],"_links":{"self":[{"href":"https:\/\/www.egemtv.com\/index.php?rest_route=\/wp\/v2\/posts\/94843","targetHints":{"allow":["GET"]}}],"collection":[{"href":"https:\/\/www.egemtv.com\/index.php?rest_route=\/wp\/v2\/posts"}],"about":[{"href":"https:\/\/www.egemtv.com\/index.php?rest_route=\/wp\/v2\/types\/post"}],"author":[{"embeddable":true,"href":"https:\/\/www.egemtv.com\/index.php?rest_route=\/wp\/v2\/users\/1"}],"replies":[{"embeddable":true,"href":"https:\/\/www.egemtv.com\/index.php?rest_route=%2Fwp%2Fv2%2Fcomments&post=94843"}],"version-history":[{"count":1,"href":"https:\/\/www.egemtv.com\/index.php?rest_route=\/wp\/v2\/posts\/94843\/revisions"}],"predecessor-version":[{"id":94845,"href":"https:\/\/www.egemtv.com\/index.php?rest_route=\/wp\/v2\/posts\/94843\/revisions\/94845"}],"wp:featuredmedia":[{"embeddable":true,"href":"https:\/\/www.egemtv.com\/index.php?rest_route=\/wp\/v2\/media\/94844"}],"wp:attachment":[{"href":"https:\/\/www.egemtv.com\/index.php?rest_route=%2Fwp%2Fv2%2Fmedia&parent=94843"}],"wp:term":[{"taxonomy":"category","embeddable":true,"href":"https:\/\/www.egemtv.com\/index.php?rest_route=%2Fwp%2Fv2%2Fcategories&post=94843"},{"taxonomy":"post_tag","embeddable":true,"href":"https:\/\/www.egemtv.com\/index.php?rest_route=%2Fwp%2Fv2%2Ftags&post=94843"}],"curies":[{"name":"wp","href":"https:\/\/api.w.org\/{rel}","templated":true}]}}