{"id":94840,"date":"2026-03-22T21:15:55","date_gmt":"2026-03-22T18:15:55","guid":{"rendered":"https:\/\/www.egemtv.com\/?p=94840"},"modified":"2026-03-22T21:15:56","modified_gmt":"2026-03-22T18:15:56","slug":"marinada-temizlik-calismalari-basladi","status":"publish","type":"post","link":"https:\/\/www.egemtv.com\/?p=94840","title":{"rendered":"Marinada temizlik \u00e7al\u0131\u015fmalar\u0131 ba\u015flad\u0131"},"content":{"rendered":"<p>Mu\u011fla\u2019n\u0131n Bodrum il\u00e7esinde marinada \u00e7\u0131kan ve 7 motoryat\u0131n batt\u0131\u011f\u0131 yang\u0131nla ilgili limanda temizlik \u00e7al\u0131\u015fmalar\u0131 ba\u015flad\u0131.<\/p>\n<p>D\u00fcn gece ge\u00e7 saatlerde Yal\u0131kavak Marina\u2019da \u00e7\u0131kan yang\u0131nda boylar\u0131 20 ila 30 metre aras\u0131nda de\u011fi\u015fen 7 motoryat yanarak batm\u0131\u015f, bir motoryat da hafif hasar alm\u0131\u015ft\u0131. Yang\u0131n esnas\u0131nda denizde olu\u015fan kirlilik i\u00e7in Bodrum Liman Ba\u015fkanl\u0131\u011f\u0131 koordinesinde temizlik \u00e7al\u0131\u015fmalar\u0131 ba\u015flad\u0131.Yal\u0131kavak Marina taraf\u0131ndan g\u00f6revlendirilen ve \u00c7evre, \u015eehircilik ve \u0130klim De\u011fi\u015fikli\u011fi Bakanl\u0131\u011f\u0131ndan lisanl\u0131 firma temizlik \u00e7al\u0131\u015fmalar\u0131 y\u00fcr\u00fct\u00fcyor.<br \/>\n<br \/>Bu kapsamda su \u00fczerinde ve dibindeki at\u0131klar temizlenecek, batan teknelerin enkazlar\u0131 \u00e7\u0131kar\u0131lacak.<br \/><\/p>\n","protected":false},"excerpt":{"rendered":"<p>Mu\u011fla\u2019n\u0131n Bodrum il\u00e7esinde marinada \u00e7\u0131kan ve 7 motoryat\u0131n batt\u0131\u011f\u0131 yang\u0131nla ilgili limanda temizlik \u00e7al\u0131\u015fmalar\u0131 ba\u015flad\u0131. D\u00fcn gece ge\u00e7 saatlerde Yal\u0131kavak Marina\u2019da \u00e7\u0131kan yang\u0131nda boylar\u0131 20 ila 30 metre aras\u0131nda de\u011fi\u015fen 7 motoryat yanarak batm\u0131\u015f, bir motoryat da hafif hasar alm\u0131\u015ft\u0131. Yang\u0131n esnas\u0131nda denizde olu\u015fan kirlilik i\u00e7in Bodrum Liman Ba\u015fkanl\u0131\u011f\u0131 koordinesinde temizlik \u00e7al\u0131\u015fmalar\u0131 ba\u015flad\u0131.Yal\u0131kavak Marina taraf\u0131ndan&#8230;<\/p>\n","protected":false},"author":1,"featured_media":94841,"comment_status":"open","ping_status":"open","sticky":false,"template":"","format":"standard","meta":{"_crdt_document":"","footnotes":""},"categories":[1],"tags":[],"class_list":["post-94840","post","type-post","status-publish","format-standard","has-post-thumbnail","hentry","category-guncel"],"_links":{"self":[{"href":"https:\/\/www.egemtv.com\/index.php?rest_route=\/wp\/v2\/posts\/94840","targetHints":{"allow":["GET"]}}],"collection":[{"href":"https:\/\/www.egemtv.com\/index.php?rest_route=\/wp\/v2\/posts"}],"about":[{"href":"https:\/\/www.egemtv.com\/index.php?rest_route=\/wp\/v2\/types\/post"}],"author":[{"embeddable":true,"href":"https:\/\/www.egemtv.com\/index.php?rest_route=\/wp\/v2\/users\/1"}],"replies":[{"embeddable":true,"href":"https:\/\/www.egemtv.com\/index.php?rest_route=%2Fwp%2Fv2%2Fcomments&post=94840"}],"version-history":[{"count":1,"href":"https:\/\/www.egemtv.com\/index.php?rest_route=\/wp\/v2\/posts\/94840\/revisions"}],"predecessor-version":[{"id":94842,"href":"https:\/\/www.egemtv.com\/index.php?rest_route=\/wp\/v2\/posts\/94840\/revisions\/94842"}],"wp:featuredmedia":[{"embeddable":true,"href":"https:\/\/www.egemtv.com\/index.php?rest_route=\/wp\/v2\/media\/94841"}],"wp:attachment":[{"href":"https:\/\/www.egemtv.com\/index.php?rest_route=%2Fwp%2Fv2%2Fmedia&parent=94840"}],"wp:term":[{"taxonomy":"category","embeddable":true,"href":"https:\/\/www.egemtv.com\/index.php?rest_route=%2Fwp%2Fv2%2Fcategories&post=94840"},{"taxonomy":"post_tag","embeddable":true,"href":"https:\/\/www.egemtv.com\/index.php?rest_route=%2Fwp%2Fv2%2Ftags&post=94840"}],"curies":[{"name":"wp","href":"https:\/\/api.w.org\/{rel}","templated":true}]}}