{"id":94837,"date":"2026-03-22T19:30:55","date_gmt":"2026-03-22T16:30:55","guid":{"rendered":"https:\/\/www.egemtv.com\/?p=94837"},"modified":"2026-03-22T19:30:56","modified_gmt":"2026-03-22T16:30:56","slug":"ispartada-feci-kaza-nisanli-cifti-hayattan-kopardi","status":"publish","type":"post","link":"https:\/\/www.egemtv.com\/?p=94837","title":{"rendered":"Isparta\u2019da feci kaza ni\u015fanl\u0131 \u00e7ifti hayattan kopard\u0131"},"content":{"rendered":"<p>Isparta-Antalya karayolunda iki otomobilin kafa kafaya \u00e7arp\u0131\u015ft\u0131\u011f\u0131 kazada 2 ki\u015fi hayat\u0131n\u0131 kaybetti, 4 ki\u015fi yaraland\u0131. Kazada \u00f6len ve 1,5 ay \u00f6nce ni\u015fanland\u0131klar\u0131 \u00f6\u011frenilen \u00e7iftin yak\u0131nlar\u0131 sinir krizi ge\u00e7irdi.<br \/>\n<br \/>Kaza, saat 15.30 s\u0131ralar\u0131nda Isparta-Antalya karayolu A\u011flasun Kav\u015fa\u011f\u0131\u2019nda meydana geldi, Edinilen bilgilere g\u00f6re, Mustafa K\u0131l\u0131\u00e7 idaresindeki 15 AEA 416 plakal\u0131 Toyota marka otomobil ile A.E.B.\u2019nin (26) kulland\u0131\u011f\u0131 32 ABE 850 plakal\u0131 Citroen marka otomobil kafa kafaya \u00e7arp\u0131\u015ft\u0131. Kazada s\u00fcr\u00fcc\u00fc Mustafa K\u0131l\u0131\u00e7 ile yan\u0131nda yolcu olarak bulunan ni\u015fanl\u0131s\u0131 Gizem Ate\u015f olay yerinde hayat\u0131n\u0131 kaybetti. Di\u011fer s\u00fcr\u00fcc\u00fc A.E.B. ile ara\u00e7ta yolcu olarak bulunan 3 ki\u015fi ise hafif \u015fekilde yaraland\u0131. \u0130hbar \u00fczerine olay yerine \u00e7ok say\u0131da jandarma, itfaiye ve sa\u011fl\u0131k ekibi sevk edildi. Sa\u011fl\u0131k ekiplerinin ilk m\u00fcdahalesinin ard\u0131ndan yaral\u0131lar ambulanslarla hastaneye kald\u0131r\u0131ld\u0131.<br \/>\n<br \/>\u00d6te yandan kazada hayat\u0131n\u0131 kaybeden Mustafa K\u0131l\u0131\u00e7 ile Gizem Ate\u015f\u2019in yakla\u015f\u0131k 1,5 ay \u00f6nce ni\u015fanland\u0131klar\u0131 ve Isparta\u2019dan yapt\u0131klar\u0131 al\u0131\u015fveri\u015fin ard\u0131ndan memleketleri A\u011flasun\u2019a d\u00f6nerken kazan\u0131n meydana geldi\u011fi \u00f6\u011frenildi. Olayla ilgili soru\u015fturma ba\u015flat\u0131ld\u0131.<\/p>\n<p>A\u011fabeyin g\u00f6zya\u015flar\u0131 y\u00fcrekleri da\u011flad\u0131<br \/>\n<br \/>Kaza haberinin ard\u0131ndan olay yerine gelen \u00f6len \u00e7iftin yak\u0131nlar\u0131 sinir krizi ge\u00e7irdi. Kazada hayat\u0131n\u0131 kaybeden Mustafa K\u0131l\u0131\u00e7\u2019\u0131n a\u011fabeyi de g\u00f6zya\u015flar\u0131na bo\u011fularak, &#8220;Biz sizi daha d\u00fcn ni\u015fanlad\u0131k, ben \u015fimdi anneme babama ne s\u00f6ylerim?&#8221; dedi. Mustafa K\u0131l\u0131\u00e7 ile Gizem Ate\u015f\u2019in cenazeleri \u015eehir Hastanesi morguna kald\u0131r\u0131ld\u0131.<br \/>\n<br \/>Kazayla ilgili inceleme ba\u015flat\u0131ld\u0131.<br \/><\/p>\n","protected":false},"excerpt":{"rendered":"<p>Isparta-Antalya karayolunda iki otomobilin kafa kafaya \u00e7arp\u0131\u015ft\u0131\u011f\u0131 kazada 2 ki\u015fi hayat\u0131n\u0131 kaybetti, 4 ki\u015fi yaraland\u0131. Kazada \u00f6len ve 1,5 ay \u00f6nce ni\u015fanland\u0131klar\u0131 \u00f6\u011frenilen \u00e7iftin yak\u0131nlar\u0131 sinir krizi ge\u00e7irdi. Kaza, saat 15.30 s\u0131ralar\u0131nda Isparta-Antalya karayolu A\u011flasun Kav\u015fa\u011f\u0131\u2019nda meydana geldi, Edinilen bilgilere g\u00f6re, Mustafa K\u0131l\u0131\u00e7 idaresindeki 15 AEA 416 plakal\u0131 Toyota marka otomobil ile A.E.B.\u2019nin (26) kulland\u0131\u011f\u0131&#8230;<\/p>\n","protected":false},"author":1,"featured_media":94838,"comment_status":"open","ping_status":"open","sticky":false,"template":"","format":"standard","meta":{"_crdt_document":"","footnotes":""},"categories":[5],"tags":[],"class_list":["post-94837","post","type-post","status-publish","format-standard","has-post-thumbnail","hentry","category-asayis"],"_links":{"self":[{"href":"https:\/\/www.egemtv.com\/index.php?rest_route=\/wp\/v2\/posts\/94837","targetHints":{"allow":["GET"]}}],"collection":[{"href":"https:\/\/www.egemtv.com\/index.php?rest_route=\/wp\/v2\/posts"}],"about":[{"href":"https:\/\/www.egemtv.com\/index.php?rest_route=\/wp\/v2\/types\/post"}],"author":[{"embeddable":true,"href":"https:\/\/www.egemtv.com\/index.php?rest_route=\/wp\/v2\/users\/1"}],"replies":[{"embeddable":true,"href":"https:\/\/www.egemtv.com\/index.php?rest_route=%2Fwp%2Fv2%2Fcomments&post=94837"}],"version-history":[{"count":1,"href":"https:\/\/www.egemtv.com\/index.php?rest_route=\/wp\/v2\/posts\/94837\/revisions"}],"predecessor-version":[{"id":94839,"href":"https:\/\/www.egemtv.com\/index.php?rest_route=\/wp\/v2\/posts\/94837\/revisions\/94839"}],"wp:featuredmedia":[{"embeddable":true,"href":"https:\/\/www.egemtv.com\/index.php?rest_route=\/wp\/v2\/media\/94838"}],"wp:attachment":[{"href":"https:\/\/www.egemtv.com\/index.php?rest_route=%2Fwp%2Fv2%2Fmedia&parent=94837"}],"wp:term":[{"taxonomy":"category","embeddable":true,"href":"https:\/\/www.egemtv.com\/index.php?rest_route=%2Fwp%2Fv2%2Fcategories&post=94837"},{"taxonomy":"post_tag","embeddable":true,"href":"https:\/\/www.egemtv.com\/index.php?rest_route=%2Fwp%2Fv2%2Ftags&post=94837"}],"curies":[{"name":"wp","href":"https:\/\/api.w.org\/{rel}","templated":true}]}}