{"id":94834,"date":"2026-03-22T18:55:38","date_gmt":"2026-03-22T15:55:38","guid":{"rendered":"https:\/\/www.egemtv.com\/?p=94834"},"modified":"2026-03-22T18:55:38","modified_gmt":"2026-03-22T15:55:38","slug":"manisada-hurda-ve-sahipsiz-araclar-mkeye-sevk-edildi","status":"publish","type":"post","link":"https:\/\/www.egemtv.com\/?p=94834","title":{"rendered":"Manisa\u2019da hurda ve sahipsiz ara\u00e7lar MKE\u2019ye sevk edildi"},"content":{"rendered":"<p>Manisa B\u00fcy\u00fck\u015fehir Belediyesi, kent genelinde g\u00f6r\u00fcnt\u00fc kirlili\u011fi olu\u015fturan, trafik ak\u0131\u015f\u0131n\u0131 engelleyen ve g\u00fcvenlik riski ta\u015f\u0131yan sahipsiz hurda ara\u00e7lara y\u00f6nelik tahliye \u00e7al\u0131\u015fmalar\u0131n\u0131 aral\u0131ks\u0131z s\u00fcrd\u00fcr\u00fcyor. Manisa \u0130l Emniyet M\u00fcd\u00fcrl\u00fc\u011f\u00fc i\u015f birli\u011fiyle y\u00fcr\u00fct\u00fclen \u00e7al\u0131\u015fma kapsam\u0131nda toplanan ara\u00e7lar, geri d\u00f6n\u00fc\u015f\u00fcm i\u015flemleri i\u00e7in \u0130zmir Alia\u011fa\u2019daki Makine ve Kimya End\u00fcstrisi\u2019ne (MKE) sevk edildi.<br \/>\n<br \/>\u00d6zellikle K\u00fc\u00e7\u00fck Sanayi Sitesi ve kamuya a\u00e7\u0131k alanlarda uzun s\u00fcredir at\u0131l durumda bekleyen ara\u00e7lara y\u00f6nelik titiz bir denetim ger\u00e7ekle\u015ftirildi. Ara\u00e7 sahiplerine tan\u0131nan 60 g\u00fcnl\u00fck yasal s\u00fcrenin dolmas\u0131n\u0131n ard\u0131ndan \u00e7evre ve halk sa\u011fl\u0131\u011f\u0131n\u0131 tehdit eden ara\u00e7lar tek tek tespit edilerek \u00e7ekiciler vas\u0131tas\u0131yla bulunduklar\u0131 noktalardan kald\u0131r\u0131ld\u0131. B\u00fcy\u00fck\u015fehir Belediyesi, vatanda\u015flardan ve esnaftan gelen talepler do\u011frultusunda denetimlerin il genelinde kesintisiz devam edece\u011fini bildirdi.<br \/>\n<br \/>\u00c7al\u0131\u015fmalar\u0131n kent esteti\u011fi ve g\u00fcvenli\u011fi a\u00e7\u0131s\u0131ndan \u00f6nem ta\u015f\u0131d\u0131\u011f\u0131n\u0131 vurgulayan Manisa B\u00fcy\u00fck\u015fehir Belediye Ba\u015fkan\u0131 Besim Dutlulu, &#8220;\u015eehrimizde k\u00f6t\u00fc g\u00f6r\u00fcnt\u00fcye neden olan, sokaklar\u0131m\u0131zda g\u00fcvenlik riski olu\u015fturan hurda ve sahipsiz ara\u00e7lar\u0131 topluyoruz. Emniyet M\u00fcd\u00fcrl\u00fc\u011f\u00fcm\u00fczle koordineli bir \u015fekilde y\u00fcr\u00fctt\u00fc\u011f\u00fcm\u00fcz bu operasyonla at\u0131l durumdaki ara\u00e7lar\u0131 MKE\u2019ye ula\u015ft\u0131rd\u0131k. Temel amac\u0131m\u0131z hem trafik ak\u0131\u015f\u0131n\u0131 rahatlatmak hem de sanayi sitemiz ba\u015fta olmak \u00fczere \u015fehrimizi \u00e7ok daha temiz ve d\u00fczenli bir hale getirmektir&#8221; dedi.<br \/><\/p>\n","protected":false},"excerpt":{"rendered":"<p>Manisa B\u00fcy\u00fck\u015fehir Belediyesi, kent genelinde g\u00f6r\u00fcnt\u00fc kirlili\u011fi olu\u015fturan, trafik ak\u0131\u015f\u0131n\u0131 engelleyen ve g\u00fcvenlik riski ta\u015f\u0131yan sahipsiz hurda ara\u00e7lara y\u00f6nelik tahliye \u00e7al\u0131\u015fmalar\u0131n\u0131 aral\u0131ks\u0131z s\u00fcrd\u00fcr\u00fcyor. Manisa \u0130l Emniyet M\u00fcd\u00fcrl\u00fc\u011f\u00fc i\u015f birli\u011fiyle y\u00fcr\u00fct\u00fclen \u00e7al\u0131\u015fma kapsam\u0131nda toplanan ara\u00e7lar, geri d\u00f6n\u00fc\u015f\u00fcm i\u015flemleri i\u00e7in \u0130zmir Alia\u011fa\u2019daki Makine ve Kimya End\u00fcstrisi\u2019ne (MKE) sevk edildi. \u00d6zellikle K\u00fc\u00e7\u00fck Sanayi Sitesi ve kamuya a\u00e7\u0131k alanlarda&#8230;<\/p>\n","protected":false},"author":1,"featured_media":94835,"comment_status":"open","ping_status":"open","sticky":false,"template":"","format":"standard","meta":{"_crdt_document":"","footnotes":""},"categories":[125],"tags":[],"class_list":["post-94834","post","type-post","status-publish","format-standard","has-post-thumbnail","hentry","category-ekonomi"],"_links":{"self":[{"href":"https:\/\/www.egemtv.com\/index.php?rest_route=\/wp\/v2\/posts\/94834","targetHints":{"allow":["GET"]}}],"collection":[{"href":"https:\/\/www.egemtv.com\/index.php?rest_route=\/wp\/v2\/posts"}],"about":[{"href":"https:\/\/www.egemtv.com\/index.php?rest_route=\/wp\/v2\/types\/post"}],"author":[{"embeddable":true,"href":"https:\/\/www.egemtv.com\/index.php?rest_route=\/wp\/v2\/users\/1"}],"replies":[{"embeddable":true,"href":"https:\/\/www.egemtv.com\/index.php?rest_route=%2Fwp%2Fv2%2Fcomments&post=94834"}],"version-history":[{"count":1,"href":"https:\/\/www.egemtv.com\/index.php?rest_route=\/wp\/v2\/posts\/94834\/revisions"}],"predecessor-version":[{"id":94836,"href":"https:\/\/www.egemtv.com\/index.php?rest_route=\/wp\/v2\/posts\/94834\/revisions\/94836"}],"wp:featuredmedia":[{"embeddable":true,"href":"https:\/\/www.egemtv.com\/index.php?rest_route=\/wp\/v2\/media\/94835"}],"wp:attachment":[{"href":"https:\/\/www.egemtv.com\/index.php?rest_route=%2Fwp%2Fv2%2Fmedia&parent=94834"}],"wp:term":[{"taxonomy":"category","embeddable":true,"href":"https:\/\/www.egemtv.com\/index.php?rest_route=%2Fwp%2Fv2%2Fcategories&post=94834"},{"taxonomy":"post_tag","embeddable":true,"href":"https:\/\/www.egemtv.com\/index.php?rest_route=%2Fwp%2Fv2%2Ftags&post=94834"}],"curies":[{"name":"wp","href":"https:\/\/api.w.org\/{rel}","templated":true}]}}