{"id":94831,"date":"2026-03-22T18:55:37","date_gmt":"2026-03-22T15:55:37","guid":{"rendered":"https:\/\/www.egemtv.com\/?p=94831"},"modified":"2026-03-22T18:55:38","modified_gmt":"2026-03-22T15:55:38","slug":"muglada-tatilcilerin-donus-yolculugu-basladi","status":"publish","type":"post","link":"https:\/\/www.egemtv.com\/?p=94831","title":{"rendered":"Mu\u011fla\u2019da tatilcilerin d\u00f6n\u00fc\u015f yolculu\u011fu ba\u015flad\u0131"},"content":{"rendered":"<p>Mu\u011fla\u2019n\u0131n Fethiye, Marmaris ve Dat\u00e7a gibi turistik il\u00e7elerinde Ramazan Bayram\u0131\u2019n\u0131 ge\u00e7iren vatanda\u015flar, d\u00f6n\u00fc\u015f yolculu\u011funa ba\u015flad\u0131. Tatilin sona ermesiyle birlikte \u00f6zellikle karayollar\u0131nda yo\u011funluk olu\u015ftu.<br \/>\n<br \/>\u0130zmir, \u0130stanbul ve Bursa gibi b\u00fcy\u00fck\u015fehirlere kendi ara\u00e7lar\u0131yla gitmek \u00fczere yola \u00e7\u0131kan yerli turistler, Mu\u011fla\u2019n\u0131n merkez il\u00e7esi Mente\u015fe \u00e7\u0131k\u0131\u015f\u0131nda trafik yo\u011funlu\u011funa neden oldu. Zaman zaman ara\u00e7 kuyruklar\u0131n\u0131n olu\u015ftu\u011fu b\u00f6lgede, s\u00fcr\u00fcc\u00fcler ilerlemekte g\u00fc\u00e7l\u00fck \u00e7ekti.<br \/>\n<br \/>Per\u015fembe g\u00fcn\u00fc rezervasyon yapt\u0131rd\u0131klar\u0131 otellerine yerle\u015fen tatilciler, 3 gecelik bayram tatilinin ard\u0131ndan bulunduklar\u0131 illere d\u00f6nmek \u00fczere yola \u00e7\u0131kt\u0131. \u00d6\u011fleden sonra ba\u015flayan yo\u011funluk ak\u015fam saatlerinde sona erdi.<br \/><\/p>\n","protected":false},"excerpt":{"rendered":"<p>Mu\u011fla\u2019n\u0131n Fethiye, Marmaris ve Dat\u00e7a gibi turistik il\u00e7elerinde Ramazan Bayram\u0131\u2019n\u0131 ge\u00e7iren vatanda\u015flar, d\u00f6n\u00fc\u015f yolculu\u011funa ba\u015flad\u0131. Tatilin sona ermesiyle birlikte \u00f6zellikle karayollar\u0131nda yo\u011funluk olu\u015ftu. \u0130zmir, \u0130stanbul ve Bursa gibi b\u00fcy\u00fck\u015fehirlere kendi ara\u00e7lar\u0131yla gitmek \u00fczere yola \u00e7\u0131kan yerli turistler, Mu\u011fla\u2019n\u0131n merkez il\u00e7esi Mente\u015fe \u00e7\u0131k\u0131\u015f\u0131nda trafik yo\u011funlu\u011funa neden oldu. Zaman zaman ara\u00e7 kuyruklar\u0131n\u0131n olu\u015ftu\u011fu b\u00f6lgede, s\u00fcr\u00fcc\u00fcler ilerlemekte g\u00fc\u00e7l\u00fck&#8230;<\/p>\n","protected":false},"author":1,"featured_media":94832,"comment_status":"open","ping_status":"open","sticky":false,"template":"","format":"standard","meta":{"_crdt_document":"","footnotes":""},"categories":[125],"tags":[],"class_list":["post-94831","post","type-post","status-publish","format-standard","has-post-thumbnail","hentry","category-ekonomi"],"_links":{"self":[{"href":"https:\/\/www.egemtv.com\/index.php?rest_route=\/wp\/v2\/posts\/94831","targetHints":{"allow":["GET"]}}],"collection":[{"href":"https:\/\/www.egemtv.com\/index.php?rest_route=\/wp\/v2\/posts"}],"about":[{"href":"https:\/\/www.egemtv.com\/index.php?rest_route=\/wp\/v2\/types\/post"}],"author":[{"embeddable":true,"href":"https:\/\/www.egemtv.com\/index.php?rest_route=\/wp\/v2\/users\/1"}],"replies":[{"embeddable":true,"href":"https:\/\/www.egemtv.com\/index.php?rest_route=%2Fwp%2Fv2%2Fcomments&post=94831"}],"version-history":[{"count":1,"href":"https:\/\/www.egemtv.com\/index.php?rest_route=\/wp\/v2\/posts\/94831\/revisions"}],"predecessor-version":[{"id":94833,"href":"https:\/\/www.egemtv.com\/index.php?rest_route=\/wp\/v2\/posts\/94831\/revisions\/94833"}],"wp:featuredmedia":[{"embeddable":true,"href":"https:\/\/www.egemtv.com\/index.php?rest_route=\/wp\/v2\/media\/94832"}],"wp:attachment":[{"href":"https:\/\/www.egemtv.com\/index.php?rest_route=%2Fwp%2Fv2%2Fmedia&parent=94831"}],"wp:term":[{"taxonomy":"category","embeddable":true,"href":"https:\/\/www.egemtv.com\/index.php?rest_route=%2Fwp%2Fv2%2Fcategories&post=94831"},{"taxonomy":"post_tag","embeddable":true,"href":"https:\/\/www.egemtv.com\/index.php?rest_route=%2Fwp%2Fv2%2Ftags&post=94831"}],"curies":[{"name":"wp","href":"https:\/\/api.w.org\/{rel}","templated":true}]}}