{"id":94828,"date":"2026-03-22T13:40:43","date_gmt":"2026-03-22T10:40:43","guid":{"rendered":"https:\/\/www.egemtv.com\/?p=94828"},"modified":"2026-03-22T13:40:44","modified_gmt":"2026-03-22T10:40:44","slug":"alasehirde-asfalt-sezonu-acildi","status":"publish","type":"post","link":"https:\/\/www.egemtv.com\/?p=94828","title":{"rendered":"Ala\u015fehir\u2019de asfalt sezonu a\u00e7\u0131ld\u0131"},"content":{"rendered":"<p>Manisa\u2019n\u0131n 100 bin n\u00fcfusu ge\u00e7en il\u00e7elerinden biri olan Ala\u015fehir\u2019de belediye taraf\u0131ndan asfalt sezonu a\u00e7\u0131ld\u0131. Ala\u015fehir Belediye Ba\u015fkan\u0131 Ahmet \u00d6k\u00fczc\u00fco\u011flu \u00e7al\u0131\u015fmalar\u0131 yerinde inceleyerek bilgi ald\u0131.<br \/>\n<br \/>Ala\u015fehir Belediyesi bu y\u0131l yakla\u015f\u0131k 25 kilometrelik asfalt hedefiyle \u00e7al\u0131\u015fmalar\u0131na ba\u015flad\u0131. Ala\u015fehir Belediye Ba\u015fkan\u0131 Ahmet \u00d6k\u00fczc\u00fco\u011flu, Fen \u0130\u015fleri M\u00fcd\u00fcrl\u00fc\u011f\u00fc ekiplerinin \u00e7al\u0131\u015fmalar\u0131n\u0131 yerinde takip etti.  Ba\u015fkan \u00d6k\u00fczc\u00fco\u011flu\u2019na vatanda\u015flar te\u015fekk\u00fcr ederek, \u00e7al\u0131\u015fmalardan \u00e7ok memnun olduklar\u0131n\u0131 dile getirdi. Ba\u015fkan Ahmet \u00d6k\u00fczc\u00fco\u011flu da i\u015f\u00e7ilerle sohbet ederek \u00e7al\u0131\u015fmalar\u0131nda ba\u015far\u0131lar diledi.<\/p>\n<p>&#8220;Maliyetler artsa da hedefimize ula\u015faca\u011f\u0131z&#8221;<br \/>\n<br \/>\u00c7al\u0131\u015fmalar\u0131n yap\u0131ld\u0131\u011f\u0131 \u0130stasyon Mahallesi\u2019nde incelemelerde bulunan Ala\u015fehir Belediye Ba\u015fkan\u0131 Ahmet \u00d6k\u00fczc\u00fco\u011flu, &#8220;Ala\u015fehir\u2019in \u0130stasyon Mahallesi\u2019ndeyiz. Bu mahallemizde do\u011falgaz \u00e7al\u0131\u015fmalar\u0131n\u0131 bitirdi. \u0130nternet ve telefon hatlar\u0131 \u00e7al\u0131\u015fmalar\u0131n\u0131 bitirdi. Yer yer MASK\u0130\u2019nin altyap\u0131 \u00e7al\u0131\u015fmalar\u0131 da tamamland\u0131. Art\u0131k bozulan yollar\u0131m\u0131z yama tutmaz hale gelmi\u015fti ve hedefimiz bu sene Ala\u015fehir\u2019e 20-25 kilometre asfalt kazand\u0131rmak ve yollar\u0131m\u0131z\u0131 cilal\u0131 asfalt haline getirmek. Ortado\u011fu\u2019daki sava\u015f\u0131n, \u0130ran sava\u015f\u0131n\u0131n etkilerini hissetmemize ra\u011fmen yakla\u015f\u0131k y\u00fczde 100 maliyetlerimiz de\u011fi\u015fti. Buna ra\u011fmen biz hedefimize ula\u015fmay\u0131 umuyoruz. \u015eu anda Vatan Caddemizi, 1 No\u2019lu Gazi Sokak, 2 No\u2019lu Gazi Sokak ve 3 No\u2019lu Gazi Sokak\u2019\u0131 tren yoluna kadar olan b\u00f6l\u00fcm\u00fcn\u00fc, eski Aka\u00e7ili\u011fe kadar olan b\u00f6l\u00fcm\u00fcn\u00fc \u00f6nce tamamlay\u0131p hava \u015fartlar\u0131 m\u00fcsaade etti\u011fi m\u00fcddet\u00e7e bu sezon asfalt sezonumuz olacak ve \u00e7al\u0131\u015fmalar\u0131m\u0131z devam edecek. Ben bu vesileyle ba\u015fta Manisa B\u00fcy\u00fck\u015fehir Belediyemize ve Fen \u0130\u015fleri M\u00fcd\u00fcrl\u00fc\u011f\u00fcm\u00fcze ba\u011fl\u0131 ekiplerimize te\u015fekk\u00fcrlerimi sunuyorum.&#8221; dedi.<br \/><\/p>\n","protected":false},"excerpt":{"rendered":"<p>Manisa\u2019n\u0131n 100 bin n\u00fcfusu ge\u00e7en il\u00e7elerinden biri olan Ala\u015fehir\u2019de belediye taraf\u0131ndan asfalt sezonu a\u00e7\u0131ld\u0131. Ala\u015fehir Belediye Ba\u015fkan\u0131 Ahmet \u00d6k\u00fczc\u00fco\u011flu \u00e7al\u0131\u015fmalar\u0131 yerinde inceleyerek bilgi ald\u0131. Ala\u015fehir Belediyesi bu y\u0131l yakla\u015f\u0131k 25 kilometrelik asfalt hedefiyle \u00e7al\u0131\u015fmalar\u0131na ba\u015flad\u0131. Ala\u015fehir Belediye Ba\u015fkan\u0131 Ahmet \u00d6k\u00fczc\u00fco\u011flu, Fen \u0130\u015fleri M\u00fcd\u00fcrl\u00fc\u011f\u00fc ekiplerinin \u00e7al\u0131\u015fmalar\u0131n\u0131 yerinde takip etti. Ba\u015fkan \u00d6k\u00fczc\u00fco\u011flu\u2019na vatanda\u015flar te\u015fekk\u00fcr ederek, \u00e7al\u0131\u015fmalardan \u00e7ok&#8230;<\/p>\n","protected":false},"author":1,"featured_media":94829,"comment_status":"open","ping_status":"open","sticky":false,"template":"","format":"standard","meta":{"_crdt_document":"","footnotes":""},"categories":[125],"tags":[],"class_list":["post-94828","post","type-post","status-publish","format-standard","has-post-thumbnail","hentry","category-ekonomi"],"_links":{"self":[{"href":"https:\/\/www.egemtv.com\/index.php?rest_route=\/wp\/v2\/posts\/94828","targetHints":{"allow":["GET"]}}],"collection":[{"href":"https:\/\/www.egemtv.com\/index.php?rest_route=\/wp\/v2\/posts"}],"about":[{"href":"https:\/\/www.egemtv.com\/index.php?rest_route=\/wp\/v2\/types\/post"}],"author":[{"embeddable":true,"href":"https:\/\/www.egemtv.com\/index.php?rest_route=\/wp\/v2\/users\/1"}],"replies":[{"embeddable":true,"href":"https:\/\/www.egemtv.com\/index.php?rest_route=%2Fwp%2Fv2%2Fcomments&post=94828"}],"version-history":[{"count":1,"href":"https:\/\/www.egemtv.com\/index.php?rest_route=\/wp\/v2\/posts\/94828\/revisions"}],"predecessor-version":[{"id":94830,"href":"https:\/\/www.egemtv.com\/index.php?rest_route=\/wp\/v2\/posts\/94828\/revisions\/94830"}],"wp:featuredmedia":[{"embeddable":true,"href":"https:\/\/www.egemtv.com\/index.php?rest_route=\/wp\/v2\/media\/94829"}],"wp:attachment":[{"href":"https:\/\/www.egemtv.com\/index.php?rest_route=%2Fwp%2Fv2%2Fmedia&parent=94828"}],"wp:term":[{"taxonomy":"category","embeddable":true,"href":"https:\/\/www.egemtv.com\/index.php?rest_route=%2Fwp%2Fv2%2Fcategories&post=94828"},{"taxonomy":"post_tag","embeddable":true,"href":"https:\/\/www.egemtv.com\/index.php?rest_route=%2Fwp%2Fv2%2Ftags&post=94828"}],"curies":[{"name":"wp","href":"https:\/\/api.w.org\/{rel}","templated":true}]}}