{"id":94819,"date":"2026-03-22T11:55:42","date_gmt":"2026-03-22T08:55:42","guid":{"rendered":"https:\/\/www.egemtv.com\/?p=94819"},"modified":"2026-03-22T11:55:42","modified_gmt":"2026-03-22T08:55:42","slug":"aydinda-yagisli-hava-bekleniyor","status":"publish","type":"post","link":"https:\/\/www.egemtv.com\/?p=94819","title":{"rendered":"Ayd\u0131n\u2019da ya\u011f\u0131\u015fl\u0131 hava bekleniyor"},"content":{"rendered":"<p>Ayd\u0131n\u2019da yar\u0131ndan itibaren sa\u011fanak ya\u011f\u0131\u015fl\u0131 havan\u0131n etkili olmas\u0131 bekleniyor.<br \/>\n<br \/>Ayd\u0131n il genelinde yar\u0131ndan itibaren sa\u011fanak ya\u011f\u0131\u015fl\u0131 havan\u0131n yerel olarak aral\u0131klarla etkisini g\u00f6sterece\u011fi tahmin ediliyor. Meteoroloji verilerine g\u00f6re, Ayd\u0131n\u2019da havan\u0131n bug\u00fcn par\u00e7al\u0131 bulutlu, Pazartesi, Sal\u0131 ve \u00c7ar\u015famba g\u00fcn\u00fc sa\u011fanak ya\u011f\u0131\u015fl\u0131, Per\u015fembe ve Cuma g\u00fcn\u00fc ise par\u00e7al\u0131 bulutlu olmas\u0131 bekleniyor. Hava s\u0131cakl\u0131klar\u0131n\u0131n da 18-20 derece civar\u0131nda seyredece\u011fi tahmin ediliyor.<br \/><\/p>\n","protected":false},"excerpt":{"rendered":"<p>Ayd\u0131n\u2019da yar\u0131ndan itibaren sa\u011fanak ya\u011f\u0131\u015fl\u0131 havan\u0131n etkili olmas\u0131 bekleniyor. Ayd\u0131n il genelinde yar\u0131ndan itibaren sa\u011fanak ya\u011f\u0131\u015fl\u0131 havan\u0131n yerel olarak aral\u0131klarla etkisini g\u00f6sterece\u011fi tahmin ediliyor. Meteoroloji verilerine g\u00f6re, Ayd\u0131n\u2019da havan\u0131n bug\u00fcn par\u00e7al\u0131 bulutlu, Pazartesi, Sal\u0131 ve \u00c7ar\u015famba g\u00fcn\u00fc sa\u011fanak ya\u011f\u0131\u015fl\u0131, Per\u015fembe ve Cuma g\u00fcn\u00fc ise par\u00e7al\u0131 bulutlu olmas\u0131 bekleniyor. Hava s\u0131cakl\u0131klar\u0131n\u0131n da 18-20 derece civar\u0131nda seyredece\u011fi&#8230;<\/p>\n","protected":false},"author":1,"featured_media":94820,"comment_status":"open","ping_status":"open","sticky":false,"template":"","format":"standard","meta":{"_crdt_document":"","footnotes":""},"categories":[1],"tags":[],"class_list":["post-94819","post","type-post","status-publish","format-standard","has-post-thumbnail","hentry","category-guncel"],"_links":{"self":[{"href":"https:\/\/www.egemtv.com\/index.php?rest_route=\/wp\/v2\/posts\/94819","targetHints":{"allow":["GET"]}}],"collection":[{"href":"https:\/\/www.egemtv.com\/index.php?rest_route=\/wp\/v2\/posts"}],"about":[{"href":"https:\/\/www.egemtv.com\/index.php?rest_route=\/wp\/v2\/types\/post"}],"author":[{"embeddable":true,"href":"https:\/\/www.egemtv.com\/index.php?rest_route=\/wp\/v2\/users\/1"}],"replies":[{"embeddable":true,"href":"https:\/\/www.egemtv.com\/index.php?rest_route=%2Fwp%2Fv2%2Fcomments&post=94819"}],"version-history":[{"count":1,"href":"https:\/\/www.egemtv.com\/index.php?rest_route=\/wp\/v2\/posts\/94819\/revisions"}],"predecessor-version":[{"id":94821,"href":"https:\/\/www.egemtv.com\/index.php?rest_route=\/wp\/v2\/posts\/94819\/revisions\/94821"}],"wp:featuredmedia":[{"embeddable":true,"href":"https:\/\/www.egemtv.com\/index.php?rest_route=\/wp\/v2\/media\/94820"}],"wp:attachment":[{"href":"https:\/\/www.egemtv.com\/index.php?rest_route=%2Fwp%2Fv2%2Fmedia&parent=94819"}],"wp:term":[{"taxonomy":"category","embeddable":true,"href":"https:\/\/www.egemtv.com\/index.php?rest_route=%2Fwp%2Fv2%2Fcategories&post=94819"},{"taxonomy":"post_tag","embeddable":true,"href":"https:\/\/www.egemtv.com\/index.php?rest_route=%2Fwp%2Fv2%2Ftags&post=94819"}],"curies":[{"name":"wp","href":"https:\/\/api.w.org\/{rel}","templated":true}]}}