{"id":94813,"date":"2026-03-22T11:20:47","date_gmt":"2026-03-22T08:20:47","guid":{"rendered":"https:\/\/www.egemtv.com\/?p=94813"},"modified":"2026-03-22T11:20:48","modified_gmt":"2026-03-22T08:20:48","slug":"fren-yok-heyecan-cok-geleneksel-tahta-araba-yarisi-bu-yilda-nefesleri-kesti","status":"publish","type":"post","link":"https:\/\/www.egemtv.com\/?p=94813","title":{"rendered":"Fren yok, heyecan \u00e7ok, geleneksel tahta araba yar\u0131\u015f\u0131 bu y\u0131lda nefesleri kesti"},"content":{"rendered":"<p>Burdur\u2019un G\u00f6lhisar il\u00e7esine ba\u011fl\u0131 Ye\u015fildere K\u00f6y\u00fc sakinleri, \u00e7ocukluk y\u0131llar\u0131n\u0131n vazge\u00e7ilmezi olan tahta arabalar\u0131 yeniden yaparak Ramazan Bayram\u0131\u2019nda geleneksel yar\u0131\u015f heyecan\u0131n\u0131 ya\u015fatt\u0131. Bayram\u0131n ikinci g\u00fcn\u00fcnde d\u00fczenlenen etkinlikte k\u00f6yl\u00fcler hem nostalji ya\u015fad\u0131 hem de doyas\u0131ya e\u011flendi.<br \/>\n<br \/>Ye\u015fildere K\u00f6y\u00fc Yard\u0131mla\u015fma ve Dayan\u0131\u015fma Derne\u011fi koordinesinde ger\u00e7ekle\u015ftirilen organizasyon, 3 y\u0131ld\u0131r oldu\u011fu gibi bu y\u0131l da yo\u011fun kat\u0131l\u0131mla dikkat \u00e7ekti. Yakla\u015f\u0131k 5 bin ki\u015finin izledi\u011fi yar\u0131\u015flarda k\u00f6y merkezi adeta festival alan\u0131na d\u00f6nerken, etkinlik bayram\u0131n en renkli g\u00f6r\u00fcnt\u00fclerine sahne oldu. K\u00f6yl\u00fclerin kendi imkanlar\u0131yla tasarlad\u0131\u011f\u0131 tahta arabalarla kat\u0131ld\u0131\u011f\u0131 yar\u0131\u015flarda, toplam 40 sporcu k\u0131yas\u0131ya m\u00fccadele etti. K\u00f6y i\u00e7erisindeki yakla\u015f\u0131k 7 kilometrelik do\u011fal rampa parkurunun bu y\u0131l 2 kilometrelik k\u0131sm\u0131nda ger\u00e7ekle\u015ftirilen yar\u0131\u015flar, izleyenlere heyecan dolu anlar ya\u015fatt\u0131. Sabah saatlerinde k\u00f6y meydan\u0131nda toplanan vatanda\u015flar, muhtarl\u0131k ve dernek taraf\u0131ndan kurulan \u00e7ad\u0131rlarda \u00e7e\u015fitli ikramlarla a\u011f\u0131rland\u0131. Sporcu kay\u0131tlar\u0131 ve kura \u00e7ekimlerinin ard\u0131ndan etaplar halinde ba\u015flayan yar\u0131\u015flarda, kat\u0131l\u0131mc\u0131lar h\u00fcnerlerini sergiledi. Zaman zaman k\u00fc\u00e7\u00fck \u00e7apl\u0131 kazalar\u0131n da ya\u015fanabildi\u011fi yar\u0131\u015flarda, sporcular g\u00fcvenli\u011fi elden b\u0131rakmad\u0131. Yar\u0131\u015fmac\u0131lar, muhtemel risklere kar\u015f\u0131 plastik baretlerini takarak parkura \u00e7\u0131kt\u0131.<\/p>\n<p>&#8220;Bu yar\u0131\u015fmalar\u0131 biz \u00e7ocuklu\u011fumuzda oynad\u0131\u011f\u0131m\u0131z arabalarla yapt\u0131k&#8221;<br \/>\n<br \/>Ye\u015fildere K\u00f6y\u00fc Yard\u0131mla\u015fma ve Dayan\u0131\u015fma Derne\u011fi Ba\u015fkan\u0131 Sait Y\u0131ld\u0131r\u0131m, &#8220;Geleneksel olarak 3.\u2019s\u00fcn\u00fc yapt\u0131\u011f\u0131m\u0131z tahta araba yar\u0131\u015f\u0131n\u0131n tekrardan ger\u00e7ekle\u015ftirdik. Kat\u0131l\u0131mc\u0131lar\u0131n her birine ayr\u0131 ayr\u0131 te\u015fekk\u00fcr ediyoruz. Yar\u0131\u015fmac\u0131lar\u0131m\u0131z kazas\u0131z belas\u0131z g\u00fczel bir yar\u0131\u015fma \u00e7\u0131kard\u0131. K\u00f6y\u00fcm\u00fcz co\u011frafyas\u0131 itibariyle Karadeniz iklimini hat\u0131rlatt\u0131\u011f\u0131 i\u00e7in bu tarz yar\u0131\u015flar uygun oluyor. Bu yar\u0131\u015fmalar\u0131 biz \u00e7ocuklu\u011fumuzda oynad\u0131\u011f\u0131m\u0131z arabalarla yapt\u0131k&#8221; dedi.<\/p>\n<p>&#8220;40 y\u0131ld\u0131r ben tahta araba yap\u0131yorum&#8221;<br \/>\n<br \/>3 y\u0131ld\u0131r yapt\u0131\u011f\u0131 tahta arabalar\u0131n\u0131n birinci oldu\u011funu ifade eden Adem Semerci, &#8220;Tahta arabalar\u0131n\u0131n tasar\u0131mc\u0131lar\u0131 benim. O\u011fullar\u0131m\u0131n ikisi de 3 senedir birinci oluyor. Bu tarz arabalar yapmaya \u00e7ocuklu\u011fumdan beri devam ediyor. 40 y\u0131ld\u0131r ben tahta araba yap\u0131yorum&#8221; \u015feklinde konu\u015ftu.<br \/><\/p>\n","protected":false},"excerpt":{"rendered":"<p>Burdur\u2019un G\u00f6lhisar il\u00e7esine ba\u011fl\u0131 Ye\u015fildere K\u00f6y\u00fc sakinleri, \u00e7ocukluk y\u0131llar\u0131n\u0131n vazge\u00e7ilmezi olan tahta arabalar\u0131 yeniden yaparak Ramazan Bayram\u0131\u2019nda geleneksel yar\u0131\u015f heyecan\u0131n\u0131 ya\u015fatt\u0131. Bayram\u0131n ikinci g\u00fcn\u00fcnde d\u00fczenlenen etkinlikte k\u00f6yl\u00fcler hem nostalji ya\u015fad\u0131 hem de doyas\u0131ya e\u011flendi. Ye\u015fildere K\u00f6y\u00fc Yard\u0131mla\u015fma ve Dayan\u0131\u015fma Derne\u011fi koordinesinde ger\u00e7ekle\u015ftirilen organizasyon, 3 y\u0131ld\u0131r oldu\u011fu gibi bu y\u0131l da yo\u011fun kat\u0131l\u0131mla dikkat \u00e7ekti. Yakla\u015f\u0131k&#8230;<\/p>\n","protected":false},"author":1,"featured_media":94814,"comment_status":"open","ping_status":"open","sticky":false,"template":"","format":"standard","meta":{"_crdt_document":"","footnotes":""},"categories":[5],"tags":[],"class_list":["post-94813","post","type-post","status-publish","format-standard","has-post-thumbnail","hentry","category-asayis"],"_links":{"self":[{"href":"https:\/\/www.egemtv.com\/index.php?rest_route=\/wp\/v2\/posts\/94813","targetHints":{"allow":["GET"]}}],"collection":[{"href":"https:\/\/www.egemtv.com\/index.php?rest_route=\/wp\/v2\/posts"}],"about":[{"href":"https:\/\/www.egemtv.com\/index.php?rest_route=\/wp\/v2\/types\/post"}],"author":[{"embeddable":true,"href":"https:\/\/www.egemtv.com\/index.php?rest_route=\/wp\/v2\/users\/1"}],"replies":[{"embeddable":true,"href":"https:\/\/www.egemtv.com\/index.php?rest_route=%2Fwp%2Fv2%2Fcomments&post=94813"}],"version-history":[{"count":1,"href":"https:\/\/www.egemtv.com\/index.php?rest_route=\/wp\/v2\/posts\/94813\/revisions"}],"predecessor-version":[{"id":94815,"href":"https:\/\/www.egemtv.com\/index.php?rest_route=\/wp\/v2\/posts\/94813\/revisions\/94815"}],"wp:featuredmedia":[{"embeddable":true,"href":"https:\/\/www.egemtv.com\/index.php?rest_route=\/wp\/v2\/media\/94814"}],"wp:attachment":[{"href":"https:\/\/www.egemtv.com\/index.php?rest_route=%2Fwp%2Fv2%2Fmedia&parent=94813"}],"wp:term":[{"taxonomy":"category","embeddable":true,"href":"https:\/\/www.egemtv.com\/index.php?rest_route=%2Fwp%2Fv2%2Fcategories&post=94813"},{"taxonomy":"post_tag","embeddable":true,"href":"https:\/\/www.egemtv.com\/index.php?rest_route=%2Fwp%2Fv2%2Ftags&post=94813"}],"curies":[{"name":"wp","href":"https:\/\/api.w.org\/{rel}","templated":true}]}}