{"id":94810,"date":"2026-03-22T10:10:39","date_gmt":"2026-03-22T07:10:39","guid":{"rendered":"https:\/\/www.egemtv.com\/?p=94810"},"modified":"2026-03-22T10:10:40","modified_gmt":"2026-03-22T07:10:40","slug":"didimde-minik-kalplere-sicak-karsilama","status":"publish","type":"post","link":"https:\/\/www.egemtv.com\/?p=94810","title":{"rendered":"Didim\u2019de minik kalplere s\u0131cak kar\u015f\u0131lama"},"content":{"rendered":"<p>Didim\u2019de d\u00fcnyaya gelen bebekler i\u00e7in anlaml\u0131 bir sosyal destek projesi hayata ge\u00e7irildi. Didim Belediyesi, yeni do\u011fan bebeklerin ilk ihtiya\u00e7lar\u0131n\u0131 kar\u015f\u0131lamak ve ailelerin mutlulu\u011funu payla\u015fmak amac\u0131yla &#8220;Yenido\u011fan Dayan\u0131\u015fma \u00c7antas\u0131&#8221; uygulamas\u0131n\u0131 ba\u015flatt\u0131.<br \/>\n<br \/>Belediye taraf\u0131ndan haz\u0131rlanan dayan\u0131\u015fma \u00e7antalar\u0131nda bebeklerin temel ihtiya\u00e7 malzemelerinin yan\u0131 s\u0131ra, belediye b\u00fcnyesindeki at\u00f6lyelerde \u00fcretim yapan kad\u0131nlar\u0131n el eme\u011fi \u00fcr\u00fcnleri de yer al\u0131yor. Usta eller taraf\u0131ndan haz\u0131rlanan battaniye ve pijama tak\u0131mlar\u0131, projeye hem s\u0131cak bir dokunu\u015f hem de yerel \u00fcretime katk\u0131 sa\u011fl\u0131yor.<br \/>\n<br \/>Didim Belediye Ba\u015fkan\u0131 Hatice Gen\u00e7ay, projeye ili\u015fkin yapt\u0131\u011f\u0131 a\u00e7\u0131klamada \u015fu ifadelere yer verdi:<br \/>\n<br \/>&#8220;Didim\u2019de do\u011fan her bebe\u011fimiz bizim i\u00e7in b\u00fcy\u00fck bir mutluluk ve umut kayna\u011f\u0131d\u0131r. Ailelerimizin bu \u00f6zel anlar\u0131nda yanlar\u0131nda olmak, onlar\u0131n heyecan\u0131n\u0131 ve sevincini payla\u015fmak istiyoruz. Yenido\u011fan Dayan\u0131\u015fma \u00c7antam\u0131zla hem minik yavrular\u0131m\u0131z\u0131n ihtiya\u00e7lar\u0131na katk\u0131 sunuyor hem de kad\u0131n eme\u011fini destekliyoruz. T\u00fcm bebeklerimize sa\u011fl\u0131kl\u0131, mutlu ve ayd\u0131nl\u0131k bir gelecek diliyorum.&#8221;<br \/><\/p>\n","protected":false},"excerpt":{"rendered":"<p>Didim\u2019de d\u00fcnyaya gelen bebekler i\u00e7in anlaml\u0131 bir sosyal destek projesi hayata ge\u00e7irildi. Didim Belediyesi, yeni do\u011fan bebeklerin ilk ihtiya\u00e7lar\u0131n\u0131 kar\u015f\u0131lamak ve ailelerin mutlulu\u011funu payla\u015fmak amac\u0131yla &#8220;Yenido\u011fan Dayan\u0131\u015fma \u00c7antas\u0131&#8221; uygulamas\u0131n\u0131 ba\u015flatt\u0131. Belediye taraf\u0131ndan haz\u0131rlanan dayan\u0131\u015fma \u00e7antalar\u0131nda bebeklerin temel ihtiya\u00e7 malzemelerinin yan\u0131 s\u0131ra, belediye b\u00fcnyesindeki at\u00f6lyelerde \u00fcretim yapan kad\u0131nlar\u0131n el eme\u011fi \u00fcr\u00fcnleri de yer al\u0131yor. Usta eller&#8230;<\/p>\n","protected":false},"author":1,"featured_media":94811,"comment_status":"open","ping_status":"open","sticky":false,"template":"","format":"standard","meta":{"_crdt_document":"","footnotes":""},"categories":[1],"tags":[],"class_list":["post-94810","post","type-post","status-publish","format-standard","has-post-thumbnail","hentry","category-guncel"],"_links":{"self":[{"href":"https:\/\/www.egemtv.com\/index.php?rest_route=\/wp\/v2\/posts\/94810","targetHints":{"allow":["GET"]}}],"collection":[{"href":"https:\/\/www.egemtv.com\/index.php?rest_route=\/wp\/v2\/posts"}],"about":[{"href":"https:\/\/www.egemtv.com\/index.php?rest_route=\/wp\/v2\/types\/post"}],"author":[{"embeddable":true,"href":"https:\/\/www.egemtv.com\/index.php?rest_route=\/wp\/v2\/users\/1"}],"replies":[{"embeddable":true,"href":"https:\/\/www.egemtv.com\/index.php?rest_route=%2Fwp%2Fv2%2Fcomments&post=94810"}],"version-history":[{"count":1,"href":"https:\/\/www.egemtv.com\/index.php?rest_route=\/wp\/v2\/posts\/94810\/revisions"}],"predecessor-version":[{"id":94812,"href":"https:\/\/www.egemtv.com\/index.php?rest_route=\/wp\/v2\/posts\/94810\/revisions\/94812"}],"wp:featuredmedia":[{"embeddable":true,"href":"https:\/\/www.egemtv.com\/index.php?rest_route=\/wp\/v2\/media\/94811"}],"wp:attachment":[{"href":"https:\/\/www.egemtv.com\/index.php?rest_route=%2Fwp%2Fv2%2Fmedia&parent=94810"}],"wp:term":[{"taxonomy":"category","embeddable":true,"href":"https:\/\/www.egemtv.com\/index.php?rest_route=%2Fwp%2Fv2%2Fcategories&post=94810"},{"taxonomy":"post_tag","embeddable":true,"href":"https:\/\/www.egemtv.com\/index.php?rest_route=%2Fwp%2Fv2%2Ftags&post=94810"}],"curies":[{"name":"wp","href":"https:\/\/api.w.org\/{rel}","templated":true}]}}