{"id":94807,"date":"2026-03-22T09:35:44","date_gmt":"2026-03-22T06:35:44","guid":{"rendered":"https:\/\/www.egemtv.com\/?p=94807"},"modified":"2026-03-22T09:35:45","modified_gmt":"2026-03-22T06:35:45","slug":"kutahyada-aglayan-gelin-guzelligi","status":"publish","type":"post","link":"https:\/\/www.egemtv.com\/?p=94807","title":{"rendered":"K\u00fctahya\u2019da &#8220;A\u011flayan Gelin&#8221; g\u00fczelli\u011fi"},"content":{"rendered":"<p>K\u00fctahya\u2019n\u0131n Simav il\u00e7esine ba\u011fl\u0131 Demircik\u00f6y beldesi \u00d6re\u011fler Mahallesi, her y\u0131l mart ve nisan aylar\u0131nda do\u011fan\u0131n en zarif \u00e7i\u00e7eklerinden biri olan ters lalelere ev sahipli\u011fi yap\u0131yor. Halk aras\u0131nda &#8220;A\u011flayan Gelin&#8221; olarak bilinen ters lale, mahallede bir\u00e7ok evin bah\u00e7esinde g\u00f6z al\u0131c\u0131 bir \u015fekilde a\u00e7arak adeta g\u00f6rsel \u015f\u00f6len sunuyor.<br \/>\n<br \/>Mahalle sakinlerinden ev han\u0131m\u0131 Habibe Da\u011fhan\u2019\u0131n, bah\u00e7esinde y\u0131llard\u0131r b\u00fcy\u00fck bir \u00f6zenle yeti\u015ftirdi\u011fi ters laleler, do\u011fa tutkunlar\u0131n\u0131 hayran b\u0131rak\u0131yor. E\u015fi Necdet Da\u011fhan ile birlikte sakin bir ya\u015fam s\u00fcren Da\u011fhan, ayn\u0131 zamanda alzaym\u0131r hastas\u0131 annesine de evinde bak\u0131yor.<br \/>\n<br \/>51 y\u0131l \u00f6nce Demirci il\u00e7esine ba\u011fl\u0131 \u0130ri\u015fler k\u00f6y\u00fcnden Simav\u2019a gelin geldi\u011fini anlatan Da\u011fhan, ters lalelerin o d\u00f6nemden bu yana bah\u00e7elerinde a\u00e7t\u0131\u011f\u0131n\u0131 belirterek, &#8220;Bu eve ilk geldi\u011fimde bu \u00e7i\u00e7ek zaten buradayd\u0131. Her y\u0131l ayn\u0131 zamanda a\u00e7\u0131yor. Ama bu g\u00fczellik sadece 20 g\u00fcn s\u00fcr\u00fcyor&#8221; dedi.<br \/>\n<br \/>\u00c7i\u00e7eklerin her y\u0131l mart ay\u0131n\u0131n ortalar\u0131nda a\u00e7t\u0131\u011f\u0131n\u0131 ifade eden Da\u011fhan, &#8220;\u0130nsanlar bu \u00e7i\u00e7e\u011fi g\u00f6rmek i\u00e7in uzaklara gidiyor ama gerek yok. Buyursunlar Simav \u00d6re\u011fler Mahallesi\u2019ne gelsinler. Hem misafirimiz olsunlar hem de bu g\u00fczelli\u011fi yerinde g\u00f6rs\u00fcnler&#8221; diye konu\u015ftu.<br \/>\n<br \/>Do\u011fal ya\u015fam\u0131 ve bah\u00e7ecili\u011fi \u00e7ok sevdi\u011fini dile getiren Habibe Da\u011fhan, ters lale so\u011fanlar\u0131n\u0131 zaman zaman kom\u015fular\u0131yla payla\u015ft\u0131\u011f\u0131n\u0131 ve mahallede bu nadir g\u00fczelli\u011fin daha da yayg\u0131nla\u015fmas\u0131n\u0131 istedi\u011fini s\u00f6zlerine ekledi.<br \/><\/p>\n","protected":false},"excerpt":{"rendered":"<p>K\u00fctahya\u2019n\u0131n Simav il\u00e7esine ba\u011fl\u0131 Demircik\u00f6y beldesi \u00d6re\u011fler Mahallesi, her y\u0131l mart ve nisan aylar\u0131nda do\u011fan\u0131n en zarif \u00e7i\u00e7eklerinden biri olan ters lalelere ev sahipli\u011fi yap\u0131yor. Halk aras\u0131nda &#8220;A\u011flayan Gelin&#8221; olarak bilinen ters lale, mahallede bir\u00e7ok evin bah\u00e7esinde g\u00f6z al\u0131c\u0131 bir \u015fekilde a\u00e7arak adeta g\u00f6rsel \u015f\u00f6len sunuyor. Mahalle sakinlerinden ev han\u0131m\u0131 Habibe Da\u011fhan\u2019\u0131n, bah\u00e7esinde y\u0131llard\u0131r b\u00fcy\u00fck&#8230;<\/p>\n","protected":false},"author":1,"featured_media":94808,"comment_status":"open","ping_status":"open","sticky":false,"template":"","format":"standard","meta":{"_crdt_document":"","footnotes":""},"categories":[1],"tags":[],"class_list":["post-94807","post","type-post","status-publish","format-standard","has-post-thumbnail","hentry","category-guncel"],"_links":{"self":[{"href":"https:\/\/www.egemtv.com\/index.php?rest_route=\/wp\/v2\/posts\/94807","targetHints":{"allow":["GET"]}}],"collection":[{"href":"https:\/\/www.egemtv.com\/index.php?rest_route=\/wp\/v2\/posts"}],"about":[{"href":"https:\/\/www.egemtv.com\/index.php?rest_route=\/wp\/v2\/types\/post"}],"author":[{"embeddable":true,"href":"https:\/\/www.egemtv.com\/index.php?rest_route=\/wp\/v2\/users\/1"}],"replies":[{"embeddable":true,"href":"https:\/\/www.egemtv.com\/index.php?rest_route=%2Fwp%2Fv2%2Fcomments&post=94807"}],"version-history":[{"count":1,"href":"https:\/\/www.egemtv.com\/index.php?rest_route=\/wp\/v2\/posts\/94807\/revisions"}],"predecessor-version":[{"id":94809,"href":"https:\/\/www.egemtv.com\/index.php?rest_route=\/wp\/v2\/posts\/94807\/revisions\/94809"}],"wp:featuredmedia":[{"embeddable":true,"href":"https:\/\/www.egemtv.com\/index.php?rest_route=\/wp\/v2\/media\/94808"}],"wp:attachment":[{"href":"https:\/\/www.egemtv.com\/index.php?rest_route=%2Fwp%2Fv2%2Fmedia&parent=94807"}],"wp:term":[{"taxonomy":"category","embeddable":true,"href":"https:\/\/www.egemtv.com\/index.php?rest_route=%2Fwp%2Fv2%2Fcategories&post=94807"},{"taxonomy":"post_tag","embeddable":true,"href":"https:\/\/www.egemtv.com\/index.php?rest_route=%2Fwp%2Fv2%2Ftags&post=94807"}],"curies":[{"name":"wp","href":"https:\/\/api.w.org\/{rel}","templated":true}]}}