{"id":94804,"date":"2026-03-22T09:35:43","date_gmt":"2026-03-22T06:35:43","guid":{"rendered":"https:\/\/www.egemtv.com\/?p=94804"},"modified":"2026-03-22T09:35:44","modified_gmt":"2026-03-22T06:35:44","slug":"kutahyada-arac-sayilarindaki-artis-durmak-bilmiyor","status":"publish","type":"post","link":"https:\/\/www.egemtv.com\/?p=94804","title":{"rendered":"K\u00fctahya\u2019da ara\u00e7 say\u0131lar\u0131ndaki art\u0131\u015f &#8220;durmak&#8221; bilmiyor"},"content":{"rendered":"<p>K\u00fctahya\u2019da motorlu kara ta\u015f\u0131t\u0131 say\u0131s\u0131 art\u0131\u015f\u0131n\u0131 s\u00fcrd\u00fcrerek yeni bir rekora ula\u015ft\u0131. Kentteki toplam ara\u00e7 say\u0131s\u0131 285 bin baraj\u0131n\u0131 a\u015farken, bu rakam merkez il\u00e7e ile Pazarlar ve Dumlup\u0131nar il\u00e7elerinin toplam n\u00fcfusunu geride b\u0131rakt\u0131.<br \/>\n<br \/>T\u00fcrkiye \u0130statistik Kurumu taraf\u0131ndan a\u00e7\u0131klanan \u015eubat ay\u0131 verilerine g\u00f6re, T\u00fcrkiye genelinde 121 bin 791 ta\u015f\u0131t\u0131n trafi\u011fe kayd\u0131 yap\u0131ld\u0131. K\u00fctahya\u2019da ise ara\u00e7 say\u0131s\u0131 art\u0131\u015f trendini s\u00fcrd\u00fcrerek 285 bin 57\u2019ye y\u00fckseldi ve kent kendi rekorunu tazeledi.<\/p>\n<p>Motosiklet say\u0131s\u0131 70 bini a\u015ft\u0131<br \/>\n<br \/>A\u00e7\u0131klanan verilere g\u00f6re K\u00fctahya\u2019daki ara\u00e7 t\u00fcrleri s\u0131ralamas\u0131nda ilk \u00fc\u00e7 de\u011fi\u015fmedi. Otomobil say\u0131s\u0131 129 bin 898 ile ilk s\u0131radaki yerini korurken, motosiklet say\u0131s\u0131 71 bin 422\u2019ye ula\u015farak 70 bin baraj\u0131n\u0131 ge\u00e7ti ve ikinci s\u0131rada yer ald\u0131. Trakt\u00f6r say\u0131s\u0131 ise 38 bin 246 olarak kaydedildi.<br \/>\n<br \/>K\u00fctahya\u2019n\u0131n da i\u00e7inde bulundu\u011fu TR33 B\u00f6lgesi\u2019nde de ara\u00e7 say\u0131lar\u0131ndaki art\u0131\u015f dikkat \u00e7ekti. \u015eubat ay\u0131 itibar\u0131yla Manisa\u2019da ara\u00e7 say\u0131s\u0131 850 bin 618\u2019e ula\u015f\u0131rken, Afyonkarahisar\u2019da 327 bin 279, U\u015fak\u2019ta ise 191 bin 137 olarak a\u00e7\u0131kland\u0131.<br \/><\/p>\n","protected":false},"excerpt":{"rendered":"<p>K\u00fctahya\u2019da motorlu kara ta\u015f\u0131t\u0131 say\u0131s\u0131 art\u0131\u015f\u0131n\u0131 s\u00fcrd\u00fcrerek yeni bir rekora ula\u015ft\u0131. Kentteki toplam ara\u00e7 say\u0131s\u0131 285 bin baraj\u0131n\u0131 a\u015farken, bu rakam merkez il\u00e7e ile Pazarlar ve Dumlup\u0131nar il\u00e7elerinin toplam n\u00fcfusunu geride b\u0131rakt\u0131. T\u00fcrkiye \u0130statistik Kurumu taraf\u0131ndan a\u00e7\u0131klanan \u015eubat ay\u0131 verilerine g\u00f6re, T\u00fcrkiye genelinde 121 bin 791 ta\u015f\u0131t\u0131n trafi\u011fe kayd\u0131 yap\u0131ld\u0131. K\u00fctahya\u2019da ise ara\u00e7 say\u0131s\u0131 art\u0131\u015f&#8230;<\/p>\n","protected":false},"author":1,"featured_media":94805,"comment_status":"open","ping_status":"open","sticky":false,"template":"","format":"standard","meta":{"_crdt_document":"","footnotes":""},"categories":[124],"tags":[],"class_list":["post-94804","post","type-post","status-publish","format-standard","has-post-thumbnail","hentry","category-bilim"],"_links":{"self":[{"href":"https:\/\/www.egemtv.com\/index.php?rest_route=\/wp\/v2\/posts\/94804","targetHints":{"allow":["GET"]}}],"collection":[{"href":"https:\/\/www.egemtv.com\/index.php?rest_route=\/wp\/v2\/posts"}],"about":[{"href":"https:\/\/www.egemtv.com\/index.php?rest_route=\/wp\/v2\/types\/post"}],"author":[{"embeddable":true,"href":"https:\/\/www.egemtv.com\/index.php?rest_route=\/wp\/v2\/users\/1"}],"replies":[{"embeddable":true,"href":"https:\/\/www.egemtv.com\/index.php?rest_route=%2Fwp%2Fv2%2Fcomments&post=94804"}],"version-history":[{"count":1,"href":"https:\/\/www.egemtv.com\/index.php?rest_route=\/wp\/v2\/posts\/94804\/revisions"}],"predecessor-version":[{"id":94806,"href":"https:\/\/www.egemtv.com\/index.php?rest_route=\/wp\/v2\/posts\/94804\/revisions\/94806"}],"wp:featuredmedia":[{"embeddable":true,"href":"https:\/\/www.egemtv.com\/index.php?rest_route=\/wp\/v2\/media\/94805"}],"wp:attachment":[{"href":"https:\/\/www.egemtv.com\/index.php?rest_route=%2Fwp%2Fv2%2Fmedia&parent=94804"}],"wp:term":[{"taxonomy":"category","embeddable":true,"href":"https:\/\/www.egemtv.com\/index.php?rest_route=%2Fwp%2Fv2%2Fcategories&post=94804"},{"taxonomy":"post_tag","embeddable":true,"href":"https:\/\/www.egemtv.com\/index.php?rest_route=%2Fwp%2Fv2%2Ftags&post=94804"}],"curies":[{"name":"wp","href":"https:\/\/api.w.org\/{rel}","templated":true}]}}