{"id":94801,"date":"2026-03-22T07:15:20","date_gmt":"2026-03-22T04:15:20","guid":{"rendered":"https:\/\/www.egemtv.com\/?p=94801"},"modified":"2026-03-22T07:15:21","modified_gmt":"2026-03-22T04:15:21","slug":"yagis-sonrasi-kayganlasan-yolda-savrulan-arac-takla-atti","status":"publish","type":"post","link":"https:\/\/www.egemtv.com\/?p=94801","title":{"rendered":"Ya\u011f\u0131\u015f sonras\u0131 kayganla\u015fan yolda savrulan ara\u00e7 takla att\u0131"},"content":{"rendered":"<p>Denizli\u2019de ya\u011f\u0131\u015f sonras\u0131 kayganla\u015fan yolda kontrolden \u00e7\u0131kan otomobil takla att\u0131. Kazada \u00f6len ya da yaralanan olmazken maddi hasar olu\u015ftu.<br \/>\n<br \/>Kaza, Buldan il\u00e7esi Manisa-Denizli Karayolu \u00fczerinde meydana geldi. Edinilen bilgilere g\u00f6re, ya\u011fmur nedeniyle kayganla\u015fan yolda s\u00fcr\u00fcc\u00fcs\u00fc hen\u00fcz \u00f6\u011frenilemeyen 34 UB 852 plakal\u0131 otomobil kontrolden \u00e7\u0131kt\u0131. Savrulan otomobil takla atarak yoldan \u00e7\u0131kt\u0131. \u00c7evredeki vatanda\u015flar\u0131n ihbar\u0131 \u00fczerine b\u00f6lgeye sa\u011fl\u0131k, itfaiye ve polis ekipleri sevk edildi. Takla atan otomobil s\u00fcr\u00fcc\u00fcs\u00fc kazay\u0131 yara almadan atlat\u0131rken, ara\u00e7ta maddi hasar meydana geldi.<br \/><\/p>\n","protected":false},"excerpt":{"rendered":"<p>Denizli\u2019de ya\u011f\u0131\u015f sonras\u0131 kayganla\u015fan yolda kontrolden \u00e7\u0131kan otomobil takla att\u0131. Kazada \u00f6len ya da yaralanan olmazken maddi hasar olu\u015ftu. Kaza, Buldan il\u00e7esi Manisa-Denizli Karayolu \u00fczerinde meydana geldi. Edinilen bilgilere g\u00f6re, ya\u011fmur nedeniyle kayganla\u015fan yolda s\u00fcr\u00fcc\u00fcs\u00fc hen\u00fcz \u00f6\u011frenilemeyen 34 UB 852 plakal\u0131 otomobil kontrolden \u00e7\u0131kt\u0131. Savrulan otomobil takla atarak yoldan \u00e7\u0131kt\u0131. \u00c7evredeki vatanda\u015flar\u0131n ihbar\u0131 \u00fczerine b\u00f6lgeye&#8230;<\/p>\n","protected":false},"author":1,"featured_media":94802,"comment_status":"open","ping_status":"open","sticky":false,"template":"","format":"standard","meta":{"_crdt_document":"","footnotes":""},"categories":[5],"tags":[],"class_list":["post-94801","post","type-post","status-publish","format-standard","has-post-thumbnail","hentry","category-asayis"],"_links":{"self":[{"href":"https:\/\/www.egemtv.com\/index.php?rest_route=\/wp\/v2\/posts\/94801","targetHints":{"allow":["GET"]}}],"collection":[{"href":"https:\/\/www.egemtv.com\/index.php?rest_route=\/wp\/v2\/posts"}],"about":[{"href":"https:\/\/www.egemtv.com\/index.php?rest_route=\/wp\/v2\/types\/post"}],"author":[{"embeddable":true,"href":"https:\/\/www.egemtv.com\/index.php?rest_route=\/wp\/v2\/users\/1"}],"replies":[{"embeddable":true,"href":"https:\/\/www.egemtv.com\/index.php?rest_route=%2Fwp%2Fv2%2Fcomments&post=94801"}],"version-history":[{"count":1,"href":"https:\/\/www.egemtv.com\/index.php?rest_route=\/wp\/v2\/posts\/94801\/revisions"}],"predecessor-version":[{"id":94803,"href":"https:\/\/www.egemtv.com\/index.php?rest_route=\/wp\/v2\/posts\/94801\/revisions\/94803"}],"wp:featuredmedia":[{"embeddable":true,"href":"https:\/\/www.egemtv.com\/index.php?rest_route=\/wp\/v2\/media\/94802"}],"wp:attachment":[{"href":"https:\/\/www.egemtv.com\/index.php?rest_route=%2Fwp%2Fv2%2Fmedia&parent=94801"}],"wp:term":[{"taxonomy":"category","embeddable":true,"href":"https:\/\/www.egemtv.com\/index.php?rest_route=%2Fwp%2Fv2%2Fcategories&post=94801"},{"taxonomy":"post_tag","embeddable":true,"href":"https:\/\/www.egemtv.com\/index.php?rest_route=%2Fwp%2Fv2%2Ftags&post=94801"}],"curies":[{"name":"wp","href":"https:\/\/api.w.org\/{rel}","templated":true}]}}