{"id":94798,"date":"2026-03-21T20:45:37","date_gmt":"2026-03-21T17:45:37","guid":{"rendered":"https:\/\/www.egemtv.com\/?p=94798"},"modified":"2026-03-21T20:45:38","modified_gmt":"2026-03-21T17:45:38","slug":"ozluer-kardeslerin-katil-zanlisinin-avukatindan-dikkat-ceken-iddialar","status":"publish","type":"post","link":"https:\/\/www.egemtv.com\/?p=94798","title":{"rendered":"\u00d6zl\u00fcer karde\u015flerin katil zanl\u0131s\u0131n\u0131n avukat\u0131ndan dikkat \u00e7eken iddialar"},"content":{"rendered":"<p>Ayd\u0131n\u2019da iki karde\u015fin hayat\u0131n\u0131 kaybetti\u011fi silahl\u0131 sald\u0131r\u0131ya ili\u015fkin tutuklanan \u015f\u00fcphelinin avukat\u0131 Fersu Ege Kandemir, m\u00fcvekkilinin a\u011f\u0131r tahrik alt\u0131nda su\u00e7u i\u015fledi\u011fini iddia etti.<br \/>\n<br \/>Olay, 20 Mart Cuma g\u00fcn\u00fc saat 16.45 s\u0131ralar\u0131nda Girne Mahallesi\u2019ndeki bir f\u0131r\u0131n kafede meydana geldi. Edinilen bilgiye g\u00f6re, eski Ayd\u0131nspor Kul\u00fcb\u00fc Ba\u015fkan\u0131 Erhan \u00d6zl\u00fcer ile karde\u015fi Ayhan \u00d6zl\u00fcer, k\u0131sa s\u00fcre \u00f6nce i\u015fletmeye ba\u015flad\u0131klar\u0131 i\u015f yerinde silahl\u0131 sald\u0131r\u0131ya u\u011frad\u0131. U.K. isimli \u015f\u00fcphelinin silah\u0131ndan \u00e7\u0131kan kur\u015funlar\u0131n hedefi olan iki karde\u015f hayat\u0131n\u0131 kaybetti, i\u015f yerinde bulunan 2 ki\u015fi yaraland\u0131. Olay\u0131n ard\u0131ndan k\u0131sa s\u00fcrede yakalanan \u015f\u00fcpheli, \u00e7\u0131kar\u0131ld\u0131\u011f\u0131 mahkemece tutuklanarak cezaevine g\u00f6nderildi.<\/p>\n<p>Karde\u015fler topra\u011fa verildi<br \/>\n<br \/>Erhan ve Ayhan \u00d6zl\u00fcer i\u00e7in Kemer Koca \u00c7\u0131nar Camii\u2019nde cenaze t\u00f6reni d\u00fczenlendi. Esnaf, siyaset ve spor camias\u0131ndan \u00e7ok say\u0131da ki\u015finin kat\u0131ld\u0131\u011f\u0131 t\u00f6rende duygusal anlar ya\u015fand\u0131. \u00d6\u011fle namaz\u0131na m\u00fcteakip k\u0131l\u0131nan cenaze namaz\u0131n\u0131n ard\u0131ndan iki karde\u015f Kemer Mezarl\u0131\u011f\u0131\u2019nda topra\u011fa verildi.<\/p>\n<p>&#8220;Arkas\u0131nda \u00e7ok ciddi ve karanl\u0131k bir mevzu var&#8221;<br \/>\n<br \/>Adliye \u00f6n\u00fcnde gazetecilere a\u00e7\u0131klama yapan \u015f\u00fcphelinin avukat\u0131 Fersu Ege Kandemir, &#8220;Olay\u0131n arkas\u0131nda \u00e7ok ciddi ve karanl\u0131k bir mevzu var. M\u00fcvekkilim bu su\u00e7u; g\u00f6z\u00fc d\u00f6nm\u00fc\u015f, ciddi a\u011f\u0131r tahrik alt\u0131nda, bam teline bas\u0131larak, zay\u0131f karn\u0131na oynanarak, o kadar a\u011f\u0131r tahrik alt\u0131na giriyor ki en sonunda art\u0131k kendisine sald\u0131r\u0131laca\u011f\u0131n\u0131 hissederek kalk\u0131p \u00f6nce Ayhan\u2019\u0131 vuruyor. Sonras\u0131nda yan\u0131nda bulunan Erhan \u00d6zl\u00fcer, elinden tabancas\u0131n\u0131 al\u0131p a\u011f\u0131r \u015fekilde darbediyor. M\u00fcvekkilimin ba\u015f\u0131ndan yar\u0131k a\u00e7\u0131l\u0131yor ve 15 tane diki\u015f at\u0131l\u0131yor. G\u00f6z\u00fc morar\u0131k, darp raporlar\u0131nda hepsi sabit. M\u00fcvekkilim can havliyle kendini kurtarmak i\u00e7in de Erhan \u00d6zl\u00fcer\u2019i art\u0131k nas\u0131l \u00f6ld\u00fcrd\u00fc\u011f\u00fcn\u00fc hat\u0131rlam\u0131yor ama darbederek \u00f6ld\u00fcrd\u00fc\u011f\u00fc do\u011frultusunda beyanda bulunuyor. \u00c7\u00fcnk\u00fc \u2018Ben o noktay\u0131 hat\u0131rlam\u0131yorum, ben de Ayhan\u2019\u0131 vurduktan sonra film koptu\u2019 diyor. \u2018Ben \u00e7o\u011fu \u015feyi hat\u0131rlam\u0131yorum ama a\u011f\u0131r darp alt\u0131ndayd\u0131m, ben art\u0131k Erhan\u2019dan nas\u0131l kurtulaca\u011f\u0131m\u0131 bilemedim\u2019 diyor. Otopsi raporlar\u0131 da \u015f\u00f6yle g\u00f6steriyor ki bo\u011fmu\u015f. Yani bo\u011fmak zorunda kalm\u0131\u015f \u00e7\u00fcnk\u00fc ba\u015fka t\u00fcrl\u00fc beyni, kafas\u0131 ciddi \u015fekilde yar\u0131k ve \u00f6lecek. Yani Erhan\u2019a kar\u015f\u0131 bir kontratakta bulunmasa m\u00fcvekkilimin can g\u00fcvenli\u011fi tehlikeye girecek&#8221; dedi.<br \/>\n<br \/>Kar\u015f\u0131 taraf taraf\u0131ndan tutulan bir kad\u0131n\u0131n m\u00fcvekkiline kar\u015f\u0131 cinsel sald\u0131r\u0131 su\u00e7u at\u0131ld\u0131\u011f\u0131n\u0131 iddia eden Kandemir, iftirada bulunan kad\u0131n\u0131n olay\u0131n do\u011fru olmad\u0131\u011f\u0131n\u0131 ili\u015fkin itiraf\u0131n\u0131n ard\u0131ndan m\u00fcvekkkilinin tahliye edildi\u011fini s\u00f6yledi. Kad\u0131n\u0131n, &#8220;Biz sana 3-4 senedir \u00e7ok ciddi bir tuzak kurduk, \u00e7ok kirli bir kumpas kurduk. Senin \u00fczerinden \u00e7ekler, senetler d\u00fczenledik. Sen bana g\u00fcvendin, bana \u00e7ok para yedirdin. Ben bunlar\u0131n hepsini onlara aktard\u0131m&#8221; dedi\u011fini iddia eden avukat, m\u00fckvekkiline \u015fantaj ve tehditte bulunduklar\u0131n\u0131 ileri s\u00fcrerek, &#8220;25 ya\u015f\u0131ndaki bir \u00e7ocu\u011fun hayat\u0131n\u0131 karartt\u0131lar&#8221; dedi.<br \/><\/p>\n","protected":false},"excerpt":{"rendered":"<p>Ayd\u0131n\u2019da iki karde\u015fin hayat\u0131n\u0131 kaybetti\u011fi silahl\u0131 sald\u0131r\u0131ya ili\u015fkin tutuklanan \u015f\u00fcphelinin avukat\u0131 Fersu Ege Kandemir, m\u00fcvekkilinin a\u011f\u0131r tahrik alt\u0131nda su\u00e7u i\u015fledi\u011fini iddia etti. Olay, 20 Mart Cuma g\u00fcn\u00fc saat 16.45 s\u0131ralar\u0131nda Girne Mahallesi\u2019ndeki bir f\u0131r\u0131n kafede meydana geldi. Edinilen bilgiye g\u00f6re, eski Ayd\u0131nspor Kul\u00fcb\u00fc Ba\u015fkan\u0131 Erhan \u00d6zl\u00fcer ile karde\u015fi Ayhan \u00d6zl\u00fcer, k\u0131sa s\u00fcre \u00f6nce i\u015fletmeye ba\u015flad\u0131klar\u0131&#8230;<\/p>\n","protected":false},"author":1,"featured_media":94799,"comment_status":"open","ping_status":"open","sticky":false,"template":"","format":"standard","meta":{"_crdt_document":"","footnotes":""},"categories":[5],"tags":[],"class_list":["post-94798","post","type-post","status-publish","format-standard","has-post-thumbnail","hentry","category-asayis"],"_links":{"self":[{"href":"https:\/\/www.egemtv.com\/index.php?rest_route=\/wp\/v2\/posts\/94798","targetHints":{"allow":["GET"]}}],"collection":[{"href":"https:\/\/www.egemtv.com\/index.php?rest_route=\/wp\/v2\/posts"}],"about":[{"href":"https:\/\/www.egemtv.com\/index.php?rest_route=\/wp\/v2\/types\/post"}],"author":[{"embeddable":true,"href":"https:\/\/www.egemtv.com\/index.php?rest_route=\/wp\/v2\/users\/1"}],"replies":[{"embeddable":true,"href":"https:\/\/www.egemtv.com\/index.php?rest_route=%2Fwp%2Fv2%2Fcomments&post=94798"}],"version-history":[{"count":1,"href":"https:\/\/www.egemtv.com\/index.php?rest_route=\/wp\/v2\/posts\/94798\/revisions"}],"predecessor-version":[{"id":94800,"href":"https:\/\/www.egemtv.com\/index.php?rest_route=\/wp\/v2\/posts\/94798\/revisions\/94800"}],"wp:featuredmedia":[{"embeddable":true,"href":"https:\/\/www.egemtv.com\/index.php?rest_route=\/wp\/v2\/media\/94799"}],"wp:attachment":[{"href":"https:\/\/www.egemtv.com\/index.php?rest_route=%2Fwp%2Fv2%2Fmedia&parent=94798"}],"wp:term":[{"taxonomy":"category","embeddable":true,"href":"https:\/\/www.egemtv.com\/index.php?rest_route=%2Fwp%2Fv2%2Fcategories&post=94798"},{"taxonomy":"post_tag","embeddable":true,"href":"https:\/\/www.egemtv.com\/index.php?rest_route=%2Fwp%2Fv2%2Ftags&post=94798"}],"curies":[{"name":"wp","href":"https:\/\/api.w.org\/{rel}","templated":true}]}}