{"id":94795,"date":"2026-03-21T20:10:46","date_gmt":"2026-03-21T17:10:46","guid":{"rendered":"https:\/\/www.egemtv.com\/?p=94795"},"modified":"2026-03-21T20:10:47","modified_gmt":"2026-03-21T17:10:47","slug":"cinayetle-biten-aile-ici-kavgayla-ilgili-polis-kardes-tutuklandi","status":"publish","type":"post","link":"https:\/\/www.egemtv.com\/?p=94795","title":{"rendered":"Cinayetle biten aile i\u00e7i kavgayla ilgili polis karde\u015f tutukland\u0131"},"content":{"rendered":"<p>Isparta\u2019da baba ile iki polis o\u011flu aras\u0131nda \u00e7\u0131kan ve baban\u0131n yaraland\u0131\u011f\u0131, o\u011flunun ise \u00f6ld\u00fc\u011f\u00fc olayla ilgili di\u011fer polis memuru karde\u015f tutukland\u0131.<br \/>\n<br \/>Olay, d\u00fcn saat 02.30 s\u0131ralar\u0131nda Vatan Mahallesi 234. Cadde\u2019de meydana geldi. \u0130ddiaya g\u00f6re, bayram izni i\u00e7in memleketlerine gelen Antalya\u2019da g\u00f6revli polis memuru \u00d6mer A. ile Denizli\u2019de g\u00f6revli polis memuru Deniz A., evde ya\u015fanan aile i\u00e7i tart\u0131\u015fman\u0131n sonras\u0131nda anne ve baba ile birlikte ayn\u0131 araca binip evden ayr\u0131ld\u0131. Tart\u0131\u015fma ara\u00e7ta da devam edince ikametlerin \u00f6n\u00fcne geldiklerinde anne ara\u00e7tan inip eve gitti. Devam eden tart\u0131\u015fma s\u0131ras\u0131nda Deniz A., bir anda ba\u011f\u0131rarak silah\u0131n\u0131 \u00e7\u0131kart\u0131p kendi kafas\u0131na do\u011frulttu. Ard\u0131ndan baba M.A. da beylik tabancas\u0131n\u0131 \u00e7\u0131kararak ara\u00e7tan indi. Ya\u015fanan arbede s\u0131ras\u0131nda, tabancalardan birinin bir anda ate\u015f almas\u0131 sonucu baba M.A. ile o\u011flu Deniz A. boyunlar\u0131ndan vurularak yaraland\u0131. \u0130hbar \u00fczerine olay yerine sa\u011fl\u0131k ve polis ekipleri sevk edildi.<\/p>\n<p>T\u00fcm m\u00fcdahalelerine ra\u011fmen hayat\u0131n\u0131 kaybetti<br \/>\n<br \/>Yaral\u0131lar, sa\u011fl\u0131k ekiplerinin olay yerindeki ilk m\u00fcdahalesinin ard\u0131ndan ambulanslarla Isparta \u015eehir Hastanesine ve T\u0131p Fak\u00fcltesi Hastanesine kald\u0131r\u0131ld\u0131. Isparta \u015eehir Hastanesine kald\u0131r\u0131lan Deniz A., sa\u011fl\u0131k ekiplerinin t\u00fcm m\u00fcdahalelerine ra\u011fmen kurtar\u0131lamayarak hayat\u0131n\u0131 kaybetti. M.A.\u2019n\u0131n T\u0131p Fak\u00fcltesi Hastanesi\u2019nde tedavisinin s\u00fcrd\u00fc\u011f\u00fc, olay\u0131 ufak s\u0131yr\u0131klarla atlatarak tedbir ve kontrol ama\u00e7l\u0131 hastaneye kald\u0131r\u0131lan \u00d6mer A.\u2019n\u0131n da ayn\u0131 hastanede g\u00f6zetim alt\u0131nda oldu\u011fu \u00f6\u011frenildi. \u00d6te yandan olay yerinde 2 tabanca, 1 bo\u015f kovan ve 1 dolu fi\u015fek ele ge\u00e7irilerek incelemeye al\u0131nd\u0131.<\/p>\n<p>Karde\u015f &#8220;Kasten Adam \u00d6ld\u00fcrme&#8221; su\u00e7lamas\u0131ndan tutuklanarak cezaevine g\u00f6nderildi<br \/>\n<br \/>Olay\u0131 ufak s\u0131yr\u0131klarla atlatt\u0131ktan sonra tedbir ve kontrol amac\u0131yla hastaneye g\u00f6t\u00fcr\u00fclen \u00d6mer A., buradaki i\u015flemlerinin ard\u0131ndan ifadesi al\u0131nmak \u00fczere g\u00f6zalt\u0131na al\u0131nd\u0131. Emniyette ifadesi al\u0131nan \u00d6mer A. ile anne Z.A. ve baba M.A., sabah saatlerinde adliyeye sevk edildi. \u00d6mer A., bug\u00fcn \u00e7\u0131kar\u0131ld\u0131\u011f\u0131 mahkemece &#8220;kasten adam \u00f6ld\u00fcrme&#8221; su\u00e7lamas\u0131yla tutuklanarak cezaevine g\u00f6nderildi. Anne ve baba ise ifadelerinin ard\u0131ndan serbest b\u0131rak\u0131ld\u0131.<br \/>\n<br \/>Hayat\u0131n\u0131 kaybeden Deniz A.\u2019n\u0131n cenazesinin, yar\u0131n \u00f6\u011fle namaz\u0131na m\u00fcteakip Hal\u0131kent Mahallesi\u2019nde bulunan Hal\u0131kent Camii\u2019nde k\u0131l\u0131nacak cenaze namaz\u0131n\u0131n ard\u0131ndan Halife Sultan Mezarl\u0131\u011f\u0131\u2019na defnedilece\u011fi \u00f6\u011frenildi.<br \/><\/p>\n","protected":false},"excerpt":{"rendered":"<p>Isparta\u2019da baba ile iki polis o\u011flu aras\u0131nda \u00e7\u0131kan ve baban\u0131n yaraland\u0131\u011f\u0131, o\u011flunun ise \u00f6ld\u00fc\u011f\u00fc olayla ilgili di\u011fer polis memuru karde\u015f tutukland\u0131. Olay, d\u00fcn saat 02.30 s\u0131ralar\u0131nda Vatan Mahallesi 234. Cadde\u2019de meydana geldi. \u0130ddiaya g\u00f6re, bayram izni i\u00e7in memleketlerine gelen Antalya\u2019da g\u00f6revli polis memuru \u00d6mer A. ile Denizli\u2019de g\u00f6revli polis memuru Deniz A., evde ya\u015fanan aile&#8230;<\/p>\n","protected":false},"author":1,"featured_media":94796,"comment_status":"open","ping_status":"open","sticky":false,"template":"","format":"standard","meta":{"_crdt_document":"","footnotes":""},"categories":[5],"tags":[],"class_list":["post-94795","post","type-post","status-publish","format-standard","has-post-thumbnail","hentry","category-asayis"],"_links":{"self":[{"href":"https:\/\/www.egemtv.com\/index.php?rest_route=\/wp\/v2\/posts\/94795","targetHints":{"allow":["GET"]}}],"collection":[{"href":"https:\/\/www.egemtv.com\/index.php?rest_route=\/wp\/v2\/posts"}],"about":[{"href":"https:\/\/www.egemtv.com\/index.php?rest_route=\/wp\/v2\/types\/post"}],"author":[{"embeddable":true,"href":"https:\/\/www.egemtv.com\/index.php?rest_route=\/wp\/v2\/users\/1"}],"replies":[{"embeddable":true,"href":"https:\/\/www.egemtv.com\/index.php?rest_route=%2Fwp%2Fv2%2Fcomments&post=94795"}],"version-history":[{"count":1,"href":"https:\/\/www.egemtv.com\/index.php?rest_route=\/wp\/v2\/posts\/94795\/revisions"}],"predecessor-version":[{"id":94797,"href":"https:\/\/www.egemtv.com\/index.php?rest_route=\/wp\/v2\/posts\/94795\/revisions\/94797"}],"wp:featuredmedia":[{"embeddable":true,"href":"https:\/\/www.egemtv.com\/index.php?rest_route=\/wp\/v2\/media\/94796"}],"wp:attachment":[{"href":"https:\/\/www.egemtv.com\/index.php?rest_route=%2Fwp%2Fv2%2Fmedia&parent=94795"}],"wp:term":[{"taxonomy":"category","embeddable":true,"href":"https:\/\/www.egemtv.com\/index.php?rest_route=%2Fwp%2Fv2%2Fcategories&post=94795"},{"taxonomy":"post_tag","embeddable":true,"href":"https:\/\/www.egemtv.com\/index.php?rest_route=%2Fwp%2Fv2%2Ftags&post=94795"}],"curies":[{"name":"wp","href":"https:\/\/api.w.org\/{rel}","templated":true}]}}