{"id":94693,"date":"2026-03-20T19:05:52","date_gmt":"2026-03-20T16:05:52","guid":{"rendered":"https:\/\/www.egemtv.com\/?p=94693"},"modified":"2026-03-20T19:05:53","modified_gmt":"2026-03-20T16:05:53","slug":"manisanin-salihli-ilcesinde-turk-sporunu-yasa-bogan-olum","status":"publish","type":"post","link":"https:\/\/www.egemtv.com\/?p=94693","title":{"rendered":"Manisa\u2019n\u0131n Salihli il\u00e7esinde T\u00fcrk sporunu yasa bo\u011fan \u00f6l\u00fcm"},"content":{"rendered":"<p>Yeni Salihlispor\u2019un yeti\u015ftirerek T\u00fcrk futboluna kazand\u0131rd\u0131\u011f\u0131 \u00f6nemli isimlerden olan Somaspor\u2019un kaleci antren\u00f6r\u00fc S\u00fcleyman K\u00fc\u00e7\u00fck (48), memleketi Manisa\u2019n\u0131n Salihli il\u00e7esinde aniden fenala\u015farak hayat\u0131n\u0131 kaybetti.<br \/>\n<br \/>TFF 2. Lig K\u0131rm\u0131z\u0131 Grup ekiplerinden Somaspor\u2019da kaleci antren\u00f6r\u00fc olarak g\u00f6rev yapan K\u00fc\u00e7\u00fck, Seyrantepe Mahallesi\u2019ndeki evinde rahats\u0131zland\u0131. Yak\u0131nlar\u0131n\u0131n ihbar\u0131 \u00fczerine sa\u011fl\u0131k ekipleri taraf\u0131ndan ambulansla Salihli Devlet Hastanesi\u2019ne kald\u0131r\u0131lan K\u00fc\u00e7\u00fck, doktorlar\u0131n t\u00fcm m\u00fcdahalesine ra\u011fmen kurtar\u0131lamad\u0131.<br \/>\n<br \/>Futbola Yeni Salihlispor\u2019da ba\u015flayan S\u00fcleyman K\u00fc\u00e7\u00fck, kariyeri boyunca Denizlispor, Altay, Kartal, Karab\u00fck, G\u00fcng\u00f6ren Belediyespor ve Turgutluspor formalar\u0131 giydi. 10 kez \u00dcmit ve (A) 2 Milli Tak\u0131m\u0131\u2019nda g\u00f6rev ald\u0131. S\u00fcper Lig\u2019de 124, Bank Asya 1. Lig\u2019de 66, 2. Lig\u2019de 32 ve T\u00fcrkiye Kupas\u0131\u2019nda 18 ma\u00e7ta g\u00f6rev alan K\u00fc\u00e7\u00fck, son olarak Somaspor\u2019da kaleci antren\u00f6r\u00fc olarak \u00e7al\u0131\u015f\u0131yordu.<br \/>\n<br \/>K\u00fc\u00e7\u00fck\u2019\u00fcn ani \u00f6l\u00fcm\u00fc, ailesi, sevenleri ve futbol camias\u0131n\u0131 yasa bo\u011fdu.<br \/><\/p>\n","protected":false},"excerpt":{"rendered":"<p>Yeni Salihlispor\u2019un yeti\u015ftirerek T\u00fcrk futboluna kazand\u0131rd\u0131\u011f\u0131 \u00f6nemli isimlerden olan Somaspor\u2019un kaleci antren\u00f6r\u00fc S\u00fcleyman K\u00fc\u00e7\u00fck (48), memleketi Manisa\u2019n\u0131n Salihli il\u00e7esinde aniden fenala\u015farak hayat\u0131n\u0131 kaybetti. TFF 2. Lig K\u0131rm\u0131z\u0131 Grup ekiplerinden Somaspor\u2019da kaleci antren\u00f6r\u00fc olarak g\u00f6rev yapan K\u00fc\u00e7\u00fck, Seyrantepe Mahallesi\u2019ndeki evinde rahats\u0131zland\u0131. Yak\u0131nlar\u0131n\u0131n ihbar\u0131 \u00fczerine sa\u011fl\u0131k ekipleri taraf\u0131ndan ambulansla Salihli Devlet Hastanesi\u2019ne kald\u0131r\u0131lan K\u00fc\u00e7\u00fck, doktorlar\u0131n t\u00fcm m\u00fcdahalesine&#8230;<\/p>\n","protected":false},"author":1,"featured_media":94694,"comment_status":"open","ping_status":"open","sticky":false,"template":"","format":"standard","meta":{"_crdt_document":"","footnotes":""},"categories":[4],"tags":[],"class_list":["post-94693","post","type-post","status-publish","format-standard","has-post-thumbnail","hentry","category-spor"],"_links":{"self":[{"href":"https:\/\/www.egemtv.com\/index.php?rest_route=\/wp\/v2\/posts\/94693","targetHints":{"allow":["GET"]}}],"collection":[{"href":"https:\/\/www.egemtv.com\/index.php?rest_route=\/wp\/v2\/posts"}],"about":[{"href":"https:\/\/www.egemtv.com\/index.php?rest_route=\/wp\/v2\/types\/post"}],"author":[{"embeddable":true,"href":"https:\/\/www.egemtv.com\/index.php?rest_route=\/wp\/v2\/users\/1"}],"replies":[{"embeddable":true,"href":"https:\/\/www.egemtv.com\/index.php?rest_route=%2Fwp%2Fv2%2Fcomments&post=94693"}],"version-history":[{"count":1,"href":"https:\/\/www.egemtv.com\/index.php?rest_route=\/wp\/v2\/posts\/94693\/revisions"}],"predecessor-version":[{"id":94695,"href":"https:\/\/www.egemtv.com\/index.php?rest_route=\/wp\/v2\/posts\/94693\/revisions\/94695"}],"wp:featuredmedia":[{"embeddable":true,"href":"https:\/\/www.egemtv.com\/index.php?rest_route=\/wp\/v2\/media\/94694"}],"wp:attachment":[{"href":"https:\/\/www.egemtv.com\/index.php?rest_route=%2Fwp%2Fv2%2Fmedia&parent=94693"}],"wp:term":[{"taxonomy":"category","embeddable":true,"href":"https:\/\/www.egemtv.com\/index.php?rest_route=%2Fwp%2Fv2%2Fcategories&post=94693"},{"taxonomy":"post_tag","embeddable":true,"href":"https:\/\/www.egemtv.com\/index.php?rest_route=%2Fwp%2Fv2%2Ftags&post=94693"}],"curies":[{"name":"wp","href":"https:\/\/api.w.org\/{rel}","templated":true}]}}