{"id":94579,"date":"2026-03-20T08:35:55","date_gmt":"2026-03-20T05:35:55","guid":{"rendered":"https:\/\/www.egemtv.com\/?p=94579"},"modified":"2026-03-20T08:35:56","modified_gmt":"2026-03-20T05:35:56","slug":"kalenin-yeni-ilce-milli-egitim-muduru-gorevine-basladi","status":"publish","type":"post","link":"https:\/\/www.egemtv.com\/?p=94579","title":{"rendered":"Kale\u2019nin yeni \u0130l\u00e7e Milli E\u011fitim M\u00fcd\u00fcr\u00fc g\u00f6revine ba\u015flad\u0131"},"content":{"rendered":"<p>Denizli\u2019nin Kale il\u00e7esinde Milli E\u011fitim M\u00fcd\u00fcr\u00fc Nurettin T\u0131k\u0131m\u2019\u0131n Denizli Milli E\u011fitim M\u00fcd\u00fcrl\u00fc\u011f\u00fcne ara\u015ft\u0131rmac\u0131 olarak atanmas\u0131n\u0131n ard\u0131ndan Mehmet Ta\u015ftan yeni m\u00fcd\u00fcr olarak g\u00f6reve ba\u015flad\u0131.<\/p>\n<p>Denizli\u2019nin Kale il\u00e7esinde Milli E\u011fitim M\u00fcd\u00fcrl\u00fc\u011f\u00fc g\u00f6revinde \u00f6nemli bir de\u011fi\u015fim ya\u015fand\u0131. Kale \u0130l\u00e7e Milli E\u011fitim M\u00fcd\u00fcr\u00fc olarak g\u00f6rev yapan Nurettin T\u0131k\u0131m, Denizli Milli E\u011fitim M\u00fcd\u00fcrl\u00fc\u011f\u00fc\u2019ne ara\u015ft\u0131rmac\u0131 olarak atanarak yeni g\u00f6revine ba\u015flad\u0131.<\/p>\n<p>Bu ataman\u0131n ard\u0131ndan Kale \u0130l\u00e7e Milli E\u011fitim M\u00fcd\u00fcr\u00fc olarak Mehmet Ta\u015ftan g\u00f6reve getirildi. Mehmet ve Kemal Arac\u0131 Ortaokulu M\u00fcd\u00fcr\u00fc olarak g\u00f6rev yapan Ta\u015ftan, yeni g\u00f6revinde il\u00e7edeki e\u011fitim kalitesini art\u0131rmak ve \u00f6\u011frencilerin daha iyi \u015fartlarda e\u011fitim almas\u0131n\u0131 sa\u011flamak i\u00e7in \u00e7al\u0131\u015facak.<\/p>\n<p>Mehmet Ta\u015ftan, pazartesi g\u00fcn\u00fc itibar\u0131yla g\u00f6revine resmen ba\u015flad\u0131. Ta\u015ftan\u2019\u0131n, Kale il\u00e7esinde bulunan Mehmet ve Kemal Orta\u00f6\u011fretim Okulu\u2019nda 2011 y\u0131l\u0131ndan bu yana \u00f6\u011fretmenlik, m\u00fcd\u00fcr yard\u0131mc\u0131l\u0131\u011f\u0131 ve okul m\u00fcd\u00fcrl\u00fc\u011f\u00fc g\u00f6revlerinde bulundu\u011fu \u00f6\u011frenildi.<\/p>\n<p>Yeni g\u00f6revine ba\u015flayan \u0130l\u00e7e Milli E\u011fitim M\u00fcd\u00fcr\u00fc Ta\u015ftan, Kale\u2019de e\u011fitim alan\u0131nda y\u00fcr\u00fct\u00fclen \u00e7al\u0131\u015fmalara ivme kazand\u0131rmay\u0131 hedeflediklerini belirtti.<br \/><\/p>\n","protected":false},"excerpt":{"rendered":"<p>Denizli\u2019nin Kale il\u00e7esinde Milli E\u011fitim M\u00fcd\u00fcr\u00fc Nurettin T\u0131k\u0131m\u2019\u0131n Denizli Milli E\u011fitim M\u00fcd\u00fcrl\u00fc\u011f\u00fcne ara\u015ft\u0131rmac\u0131 olarak atanmas\u0131n\u0131n ard\u0131ndan Mehmet Ta\u015ftan yeni m\u00fcd\u00fcr olarak g\u00f6reve ba\u015flad\u0131. Denizli\u2019nin Kale il\u00e7esinde Milli E\u011fitim M\u00fcd\u00fcrl\u00fc\u011f\u00fc g\u00f6revinde \u00f6nemli bir de\u011fi\u015fim ya\u015fand\u0131. Kale \u0130l\u00e7e Milli E\u011fitim M\u00fcd\u00fcr\u00fc olarak g\u00f6rev yapan Nurettin T\u0131k\u0131m, Denizli Milli E\u011fitim M\u00fcd\u00fcrl\u00fc\u011f\u00fc\u2019ne ara\u015ft\u0131rmac\u0131 olarak atanarak yeni g\u00f6revine ba\u015flad\u0131. Bu&#8230;<\/p>\n","protected":false},"author":1,"featured_media":94580,"comment_status":"open","ping_status":"open","sticky":false,"template":"","format":"standard","meta":{"_crdt_document":"","footnotes":""},"categories":[1],"tags":[],"class_list":["post-94579","post","type-post","status-publish","format-standard","has-post-thumbnail","hentry","category-guncel"],"_links":{"self":[{"href":"https:\/\/www.egemtv.com\/index.php?rest_route=\/wp\/v2\/posts\/94579","targetHints":{"allow":["GET"]}}],"collection":[{"href":"https:\/\/www.egemtv.com\/index.php?rest_route=\/wp\/v2\/posts"}],"about":[{"href":"https:\/\/www.egemtv.com\/index.php?rest_route=\/wp\/v2\/types\/post"}],"author":[{"embeddable":true,"href":"https:\/\/www.egemtv.com\/index.php?rest_route=\/wp\/v2\/users\/1"}],"replies":[{"embeddable":true,"href":"https:\/\/www.egemtv.com\/index.php?rest_route=%2Fwp%2Fv2%2Fcomments&post=94579"}],"version-history":[{"count":1,"href":"https:\/\/www.egemtv.com\/index.php?rest_route=\/wp\/v2\/posts\/94579\/revisions"}],"predecessor-version":[{"id":94581,"href":"https:\/\/www.egemtv.com\/index.php?rest_route=\/wp\/v2\/posts\/94579\/revisions\/94581"}],"wp:featuredmedia":[{"embeddable":true,"href":"https:\/\/www.egemtv.com\/index.php?rest_route=\/wp\/v2\/media\/94580"}],"wp:attachment":[{"href":"https:\/\/www.egemtv.com\/index.php?rest_route=%2Fwp%2Fv2%2Fmedia&parent=94579"}],"wp:term":[{"taxonomy":"category","embeddable":true,"href":"https:\/\/www.egemtv.com\/index.php?rest_route=%2Fwp%2Fv2%2Fcategories&post=94579"},{"taxonomy":"post_tag","embeddable":true,"href":"https:\/\/www.egemtv.com\/index.php?rest_route=%2Fwp%2Fv2%2Ftags&post=94579"}],"curies":[{"name":"wp","href":"https:\/\/api.w.org\/{rel}","templated":true}]}}