{"id":94576,"date":"2026-03-20T08:35:54","date_gmt":"2026-03-20T05:35:54","guid":{"rendered":"https:\/\/www.egemtv.com\/?p=94576"},"modified":"2026-03-20T08:35:55","modified_gmt":"2026-03-20T05:35:55","slug":"gedik-pilic-urunlerinin-kubaya-ihracatini-mumkun-kilan-akreditasyon-onaylandi","status":"publish","type":"post","link":"https:\/\/www.egemtv.com\/?p=94576","title":{"rendered":"Gedik Pili\u00e7 \u00fcr\u00fcnlerinin K\u00fcba\u2019ya ihracat\u0131n\u0131 m\u00fcmk\u00fcn k\u0131lan akreditasyon onayland\u0131"},"content":{"rendered":"<p>T\u00fcrkiye\u2019nin k\u00f6kl\u00fc g\u0131da markalar\u0131ndan Gedik Pili\u00e7, uluslararas\u0131 pazarlardaki b\u00fcy\u00fcme hedefleri do\u011frultusunda \u00f6nemli bir ad\u0131m daha att\u0131. \u015eirketin ileri i\u015flem \u00fcr\u00fcnlerinin K\u00fcba\u2019ya ihracat\u0131n\u0131 m\u00fcmk\u00fcn k\u0131lan \u00fclke akreditasyonu onayland\u0131.<\/p>\n<p>S\u00f6z konusu akreditasyon ile birlikte Gedik Pili\u00e7\u2019in ileri i\u015flem \u00fcr\u00fcnleri K\u00fcba pazar\u0131na ihra\u00e7 edilebilecek. Bu geli\u015fme, \u015firketin uluslararas\u0131 pazarlardaki b\u00fcy\u00fcme stratejisinin \u00f6nemli ad\u0131mlar\u0131ndan biri olarak \u00f6ne \u00e7\u0131k\u0131yor.<\/p>\n<p>Gedik Pili\u00e7, g\u00fc\u00e7l\u00fc \u00fcretim altyap\u0131s\u0131, g\u0131da g\u00fcvenli\u011fi standartlar\u0131 ve kalite odakl\u0131 yakla\u015f\u0131m\u0131yla hem T\u00fcrkiye\u2019de hem de uluslararas\u0131 pazarlarda b\u00fcy\u00fcmesini s\u00fcrd\u00fcrmeyi hedefliyor. Yeni akreditasyon ile birlikte \u015firket, ihracat a\u011f\u0131n\u0131 geni\u015fleterek \u00fcr\u00fcnlerini farkl\u0131 co\u011frafyalardaki t\u00fcketicilerle bulu\u015fturmaya devam edecek.<\/p>\n<p>Gedik Pili\u00e7 yetkilileri, ihracat pazarlar\u0131n\u0131 \u00e7e\u015fitlendirmeye ve T\u00fcrkiye\u2019den d\u00fcnyaya uzanan g\u00fc\u00e7l\u00fc bir de\u011fer zinciri olu\u015fturma hedefi do\u011frultusunda \u00e7al\u0131\u015fmalar\u0131n\u0131 kararl\u0131l\u0131kla s\u00fcrd\u00fcrd\u00fcklerini belirtti.<br \/><\/p>\n","protected":false},"excerpt":{"rendered":"<p>T\u00fcrkiye\u2019nin k\u00f6kl\u00fc g\u0131da markalar\u0131ndan Gedik Pili\u00e7, uluslararas\u0131 pazarlardaki b\u00fcy\u00fcme hedefleri do\u011frultusunda \u00f6nemli bir ad\u0131m daha att\u0131. \u015eirketin ileri i\u015flem \u00fcr\u00fcnlerinin K\u00fcba\u2019ya ihracat\u0131n\u0131 m\u00fcmk\u00fcn k\u0131lan \u00fclke akreditasyonu onayland\u0131. S\u00f6z konusu akreditasyon ile birlikte Gedik Pili\u00e7\u2019in ileri i\u015flem \u00fcr\u00fcnleri K\u00fcba pazar\u0131na ihra\u00e7 edilebilecek. Bu geli\u015fme, \u015firketin uluslararas\u0131 pazarlardaki b\u00fcy\u00fcme stratejisinin \u00f6nemli ad\u0131mlar\u0131ndan biri olarak \u00f6ne \u00e7\u0131k\u0131yor. Gedik&#8230;<\/p>\n","protected":false},"author":1,"featured_media":94577,"comment_status":"open","ping_status":"open","sticky":false,"template":"","format":"standard","meta":{"_crdt_document":"","footnotes":""},"categories":[125],"tags":[],"class_list":["post-94576","post","type-post","status-publish","format-standard","has-post-thumbnail","hentry","category-ekonomi"],"_links":{"self":[{"href":"https:\/\/www.egemtv.com\/index.php?rest_route=\/wp\/v2\/posts\/94576","targetHints":{"allow":["GET"]}}],"collection":[{"href":"https:\/\/www.egemtv.com\/index.php?rest_route=\/wp\/v2\/posts"}],"about":[{"href":"https:\/\/www.egemtv.com\/index.php?rest_route=\/wp\/v2\/types\/post"}],"author":[{"embeddable":true,"href":"https:\/\/www.egemtv.com\/index.php?rest_route=\/wp\/v2\/users\/1"}],"replies":[{"embeddable":true,"href":"https:\/\/www.egemtv.com\/index.php?rest_route=%2Fwp%2Fv2%2Fcomments&post=94576"}],"version-history":[{"count":1,"href":"https:\/\/www.egemtv.com\/index.php?rest_route=\/wp\/v2\/posts\/94576\/revisions"}],"predecessor-version":[{"id":94578,"href":"https:\/\/www.egemtv.com\/index.php?rest_route=\/wp\/v2\/posts\/94576\/revisions\/94578"}],"wp:featuredmedia":[{"embeddable":true,"href":"https:\/\/www.egemtv.com\/index.php?rest_route=\/wp\/v2\/media\/94577"}],"wp:attachment":[{"href":"https:\/\/www.egemtv.com\/index.php?rest_route=%2Fwp%2Fv2%2Fmedia&parent=94576"}],"wp:term":[{"taxonomy":"category","embeddable":true,"href":"https:\/\/www.egemtv.com\/index.php?rest_route=%2Fwp%2Fv2%2Fcategories&post=94576"},{"taxonomy":"post_tag","embeddable":true,"href":"https:\/\/www.egemtv.com\/index.php?rest_route=%2Fwp%2Fv2%2Ftags&post=94576"}],"curies":[{"name":"wp","href":"https:\/\/api.w.org\/{rel}","templated":true}]}}