{"id":94573,"date":"2026-03-20T08:35:53","date_gmt":"2026-03-20T05:35:53","guid":{"rendered":"https:\/\/www.egemtv.com\/?p=94573"},"modified":"2026-03-20T08:35:54","modified_gmt":"2026-03-20T05:35:54","slug":"usakta-bayram-namazi-kilindi","status":"publish","type":"post","link":"https:\/\/www.egemtv.com\/?p=94573","title":{"rendered":"U\u015fak\u2019ta bayram namaz\u0131 k\u0131l\u0131nd\u0131"},"content":{"rendered":"<p>U\u015fak\u2019ta bayram namaz\u0131 k\u0131l\u0131nd\u0131. Namaz sonras\u0131 vatanda\u015flar birbirleriyle bayramla\u015ft\u0131.<br \/>\n<br \/>Ramazan Bayram\u0131 namaz\u0131 i\u00e7in U\u015fakl\u0131lar kentteki camilere ak\u0131n etti. Namaz \u00f6ncesi dua edildi. Vaaz ve dualar\u0131n ard\u0131ndan vatanda\u015flar bayram namaz\u0131n\u0131 k\u0131ld\u0131. Namaz sonras\u0131 vatanda\u015flar birbirleriyle bayramla\u015ft\u0131.<br \/><\/p>\n","protected":false},"excerpt":{"rendered":"<p>U\u015fak\u2019ta bayram namaz\u0131 k\u0131l\u0131nd\u0131. Namaz sonras\u0131 vatanda\u015flar birbirleriyle bayramla\u015ft\u0131. Ramazan Bayram\u0131 namaz\u0131 i\u00e7in U\u015fakl\u0131lar kentteki camilere ak\u0131n etti. Namaz \u00f6ncesi dua edildi. Vaaz ve dualar\u0131n ard\u0131ndan vatanda\u015flar bayram namaz\u0131n\u0131 k\u0131ld\u0131. Namaz sonras\u0131 vatanda\u015flar birbirleriyle bayramla\u015ft\u0131.<\/p>\n","protected":false},"author":1,"featured_media":94574,"comment_status":"open","ping_status":"open","sticky":false,"template":"","format":"standard","meta":{"_crdt_document":"","footnotes":""},"categories":[1],"tags":[],"class_list":["post-94573","post","type-post","status-publish","format-standard","has-post-thumbnail","hentry","category-guncel"],"_links":{"self":[{"href":"https:\/\/www.egemtv.com\/index.php?rest_route=\/wp\/v2\/posts\/94573","targetHints":{"allow":["GET"]}}],"collection":[{"href":"https:\/\/www.egemtv.com\/index.php?rest_route=\/wp\/v2\/posts"}],"about":[{"href":"https:\/\/www.egemtv.com\/index.php?rest_route=\/wp\/v2\/types\/post"}],"author":[{"embeddable":true,"href":"https:\/\/www.egemtv.com\/index.php?rest_route=\/wp\/v2\/users\/1"}],"replies":[{"embeddable":true,"href":"https:\/\/www.egemtv.com\/index.php?rest_route=%2Fwp%2Fv2%2Fcomments&post=94573"}],"version-history":[{"count":1,"href":"https:\/\/www.egemtv.com\/index.php?rest_route=\/wp\/v2\/posts\/94573\/revisions"}],"predecessor-version":[{"id":94575,"href":"https:\/\/www.egemtv.com\/index.php?rest_route=\/wp\/v2\/posts\/94573\/revisions\/94575"}],"wp:featuredmedia":[{"embeddable":true,"href":"https:\/\/www.egemtv.com\/index.php?rest_route=\/wp\/v2\/media\/94574"}],"wp:attachment":[{"href":"https:\/\/www.egemtv.com\/index.php?rest_route=%2Fwp%2Fv2%2Fmedia&parent=94573"}],"wp:term":[{"taxonomy":"category","embeddable":true,"href":"https:\/\/www.egemtv.com\/index.php?rest_route=%2Fwp%2Fv2%2Fcategories&post=94573"},{"taxonomy":"post_tag","embeddable":true,"href":"https:\/\/www.egemtv.com\/index.php?rest_route=%2Fwp%2Fv2%2Ftags&post=94573"}],"curies":[{"name":"wp","href":"https:\/\/api.w.org\/{rel}","templated":true}]}}