{"id":94465,"date":"2026-03-19T13:20:44","date_gmt":"2026-03-19T10:20:44","guid":{"rendered":"https:\/\/www.egemtv.com\/?p=94465"},"modified":"2026-03-19T13:20:46","modified_gmt":"2026-03-19T10:20:46","slug":"patates-ekimi-sezonu-basladi","status":"publish","type":"post","link":"https:\/\/www.egemtv.com\/?p=94465","title":{"rendered":"Patates ekimi sezonu ba\u015flad\u0131"},"content":{"rendered":"<p>T\u00fcrkiye\u2019nin en \u00f6nemli patates merkezlerinden birisi olan Afyonkarahisar\u2019da patates ekim sezonu ba\u015flad\u0131.<br \/>\n<br \/>Afyonkarahisar Tar\u0131m ve Orman \u0130l M\u00fcd\u00fcrl\u00fc\u011f\u00fc taraf\u0131ndan yap\u0131lan a\u00e7\u0131klamada kentte patates ekiminin ba\u015flad\u0131\u011f\u0131 belirtildi. A\u00e7\u0131klamada, &#8220;Patates ekim mesaisi ba\u015flad\u0131. Teknik ekiplerimiz arazide, maliyet analizleri yap\u0131ld\u0131. Tar\u0131msal \u00fcretim planlamas\u0131 aktar\u0131ld\u0131. M\u00fcnavebeli ekimin \u00f6nemi vurguland\u0131. Topra\u011f\u0131m\u0131z\u0131n bereketini, \u00fcreticimizin eme\u011fiyle koruyoruz&#8221; ifadelerine yer verildi.<br \/><\/p>\n","protected":false},"excerpt":{"rendered":"<p>T\u00fcrkiye\u2019nin en \u00f6nemli patates merkezlerinden birisi olan Afyonkarahisar\u2019da patates ekim sezonu ba\u015flad\u0131. Afyonkarahisar Tar\u0131m ve Orman \u0130l M\u00fcd\u00fcrl\u00fc\u011f\u00fc taraf\u0131ndan yap\u0131lan a\u00e7\u0131klamada kentte patates ekiminin ba\u015flad\u0131\u011f\u0131 belirtildi. A\u00e7\u0131klamada, &#8220;Patates ekim mesaisi ba\u015flad\u0131. Teknik ekiplerimiz arazide, maliyet analizleri yap\u0131ld\u0131. Tar\u0131msal \u00fcretim planlamas\u0131 aktar\u0131ld\u0131. M\u00fcnavebeli ekimin \u00f6nemi vurguland\u0131. Topra\u011f\u0131m\u0131z\u0131n bereketini, \u00fcreticimizin eme\u011fiyle koruyoruz&#8221; ifadelerine yer verildi.<\/p>\n","protected":false},"author":1,"featured_media":94466,"comment_status":"open","ping_status":"open","sticky":false,"template":"","format":"standard","meta":{"_crdt_document":"","footnotes":""},"categories":[1],"tags":[],"class_list":["post-94465","post","type-post","status-publish","format-standard","has-post-thumbnail","hentry","category-guncel"],"_links":{"self":[{"href":"https:\/\/www.egemtv.com\/index.php?rest_route=\/wp\/v2\/posts\/94465","targetHints":{"allow":["GET"]}}],"collection":[{"href":"https:\/\/www.egemtv.com\/index.php?rest_route=\/wp\/v2\/posts"}],"about":[{"href":"https:\/\/www.egemtv.com\/index.php?rest_route=\/wp\/v2\/types\/post"}],"author":[{"embeddable":true,"href":"https:\/\/www.egemtv.com\/index.php?rest_route=\/wp\/v2\/users\/1"}],"replies":[{"embeddable":true,"href":"https:\/\/www.egemtv.com\/index.php?rest_route=%2Fwp%2Fv2%2Fcomments&post=94465"}],"version-history":[{"count":1,"href":"https:\/\/www.egemtv.com\/index.php?rest_route=\/wp\/v2\/posts\/94465\/revisions"}],"predecessor-version":[{"id":94467,"href":"https:\/\/www.egemtv.com\/index.php?rest_route=\/wp\/v2\/posts\/94465\/revisions\/94467"}],"wp:featuredmedia":[{"embeddable":true,"href":"https:\/\/www.egemtv.com\/index.php?rest_route=\/wp\/v2\/media\/94466"}],"wp:attachment":[{"href":"https:\/\/www.egemtv.com\/index.php?rest_route=%2Fwp%2Fv2%2Fmedia&parent=94465"}],"wp:term":[{"taxonomy":"category","embeddable":true,"href":"https:\/\/www.egemtv.com\/index.php?rest_route=%2Fwp%2Fv2%2Fcategories&post=94465"},{"taxonomy":"post_tag","embeddable":true,"href":"https:\/\/www.egemtv.com\/index.php?rest_route=%2Fwp%2Fv2%2Ftags&post=94465"}],"curies":[{"name":"wp","href":"https:\/\/api.w.org\/{rel}","templated":true}]}}