{"id":94462,"date":"2026-03-19T13:20:43","date_gmt":"2026-03-19T10:20:43","guid":{"rendered":"https:\/\/www.egemtv.com\/?p=94462"},"modified":"2026-03-19T13:20:44","modified_gmt":"2026-03-19T10:20:44","slug":"meshur-tavsanli-hashasli-lokumu-icin-kuyruklar-olustu","status":"publish","type":"post","link":"https:\/\/www.egemtv.com\/?p=94462","title":{"rendered":"Me\u015fhur Tav\u015fanl\u0131 ha\u015fha\u015fl\u0131 lokumu i\u00e7in kuyruklar olu\u015ftu"},"content":{"rendered":"<p>K\u00fctahya\u2019n\u0131n Tav\u015fanl\u0131 il\u00e7esinde, Ramazan Bayram\u0131\u2019na say\u0131l\u0131 g\u00fcnler kala il\u00e7enin tescilli lezzeti olan ha\u015fha\u015fl\u0131 lokuma talep patlamas\u0131 ya\u015fand\u0131. Bayram sofralar\u0131n\u0131n olmazsa olmaz\u0131 lokumu taze taze sofralar\u0131na g\u00f6t\u00fcrmek isteyen vatanda\u015flar f\u0131r\u0131nlar\u0131n \u00f6n\u00fcnde uzun kuyruklar olu\u015fturdu.<br \/>\n<br \/>Tav\u015fanl\u0131\u2019da bayram haz\u0131rl\u0131klar\u0131 t\u00fcm h\u0131z\u0131yla s\u00fcrerken, il\u00e7enin gastronomi simgelerinden ha\u015fha\u015fl\u0131 lokumda \u00fcretim tela\u015f\u0131 zirveye \u00e7\u0131kt\u0131. Kendine has lezzetiyle bilinen ha\u015fha\u015fl\u0131 lokumu bayram ikram\u0131 olarak sunmak isteyen il\u00e7e sakinleri, f\u0131r\u0131nlarda yo\u011funlu\u011fun iki kat\u0131na \u00e7\u0131kmas\u0131na neden oldu. Geleneksel y\u00f6ntemlerle haz\u0131rlanan lokumlar\u0131 teslim almak veya yeni sipari\u015f vermek isteyen vatanda\u015flar, f\u0131r\u0131n \u00f6nlerinde saatlerce bekleyi\u015fini s\u00fcrd\u00fcr\u00fcyor.<br \/>\n<br \/>Talebin her ge\u00e7en g\u00fcn artt\u0131\u011f\u0131n\u0131 belirten f\u0131r\u0131nc\u0131lar, Tav\u015fanl\u0131 lokumunun bayramlarda farkl\u0131 bir ilgi g\u00f6rd\u00fc\u011f\u00fcn\u00fc ifade etti. \u00d6zellikle ha\u015fha\u015fl\u0131, cevizli ve tahinli \u00e7e\u015fitlerin yok satt\u0131\u011f\u0131n\u0131 dile getiren esnaf, bayram mesaisi nedeniyle gece g\u00fcnd\u00fcz \u00e7al\u0131\u015f\u0131lmas\u0131na ra\u011fmen talebi kar\u015f\u0131lamakta g\u00fc\u00e7l\u00fck \u00e7ektiklerini belirtti.<br \/>\n<br \/>Sadece yerel halk\u0131n de\u011fil, \u00e7evre illerden ve yurt d\u0131\u015f\u0131ndan gelen gurbet\u00e7ilerin de u\u011frak noktas\u0131 f\u0131r\u0131nlar oldu. S\u0131ra bekleyen vatanda\u015flardan G\u00fcney Erdem, ha\u015fha\u015fl\u0131 lokumun Tav\u015fanl\u0131 bayramlar\u0131n\u0131n vazge\u00e7ilmezi oldu\u011funu vurgulayarak, &#8220;Bu e\u015fsiz lezzet i\u00e7in s\u0131ra beklemeye de\u011fer. Bayram sofram\u0131zda lokum olmazsa bir yan\u0131m\u0131z eksik kal\u0131r&#8221; dedi.<br \/>\n<br \/>Tav\u015fanl\u0131\u2019daki f\u0131r\u0131nlar\u0131n, yo\u011fun talebi kar\u015f\u0131lamak ad\u0131na bayram sabah\u0131na kadar aral\u0131ks\u0131z \u00fcretim yapaca\u011f\u0131 \u00f6\u011frenildi.<br \/><\/p>\n","protected":false},"excerpt":{"rendered":"<p>K\u00fctahya\u2019n\u0131n Tav\u015fanl\u0131 il\u00e7esinde, Ramazan Bayram\u0131\u2019na say\u0131l\u0131 g\u00fcnler kala il\u00e7enin tescilli lezzeti olan ha\u015fha\u015fl\u0131 lokuma talep patlamas\u0131 ya\u015fand\u0131. Bayram sofralar\u0131n\u0131n olmazsa olmaz\u0131 lokumu taze taze sofralar\u0131na g\u00f6t\u00fcrmek isteyen vatanda\u015flar f\u0131r\u0131nlar\u0131n \u00f6n\u00fcnde uzun kuyruklar olu\u015fturdu. Tav\u015fanl\u0131\u2019da bayram haz\u0131rl\u0131klar\u0131 t\u00fcm h\u0131z\u0131yla s\u00fcrerken, il\u00e7enin gastronomi simgelerinden ha\u015fha\u015fl\u0131 lokumda \u00fcretim tela\u015f\u0131 zirveye \u00e7\u0131kt\u0131. Kendine has lezzetiyle bilinen ha\u015fha\u015fl\u0131 lokumu bayram&#8230;<\/p>\n","protected":false},"author":1,"featured_media":94463,"comment_status":"open","ping_status":"open","sticky":false,"template":"","format":"standard","meta":{"_crdt_document":"","footnotes":""},"categories":[1],"tags":[],"class_list":["post-94462","post","type-post","status-publish","format-standard","has-post-thumbnail","hentry","category-guncel"],"_links":{"self":[{"href":"https:\/\/www.egemtv.com\/index.php?rest_route=\/wp\/v2\/posts\/94462","targetHints":{"allow":["GET"]}}],"collection":[{"href":"https:\/\/www.egemtv.com\/index.php?rest_route=\/wp\/v2\/posts"}],"about":[{"href":"https:\/\/www.egemtv.com\/index.php?rest_route=\/wp\/v2\/types\/post"}],"author":[{"embeddable":true,"href":"https:\/\/www.egemtv.com\/index.php?rest_route=\/wp\/v2\/users\/1"}],"replies":[{"embeddable":true,"href":"https:\/\/www.egemtv.com\/index.php?rest_route=%2Fwp%2Fv2%2Fcomments&post=94462"}],"version-history":[{"count":1,"href":"https:\/\/www.egemtv.com\/index.php?rest_route=\/wp\/v2\/posts\/94462\/revisions"}],"predecessor-version":[{"id":94464,"href":"https:\/\/www.egemtv.com\/index.php?rest_route=\/wp\/v2\/posts\/94462\/revisions\/94464"}],"wp:featuredmedia":[{"embeddable":true,"href":"https:\/\/www.egemtv.com\/index.php?rest_route=\/wp\/v2\/media\/94463"}],"wp:attachment":[{"href":"https:\/\/www.egemtv.com\/index.php?rest_route=%2Fwp%2Fv2%2Fmedia&parent=94462"}],"wp:term":[{"taxonomy":"category","embeddable":true,"href":"https:\/\/www.egemtv.com\/index.php?rest_route=%2Fwp%2Fv2%2Fcategories&post=94462"},{"taxonomy":"post_tag","embeddable":true,"href":"https:\/\/www.egemtv.com\/index.php?rest_route=%2Fwp%2Fv2%2Ftags&post=94462"}],"curies":[{"name":"wp","href":"https:\/\/api.w.org\/{rel}","templated":true}]}}