{"id":94459,"date":"2026-03-19T13:20:42","date_gmt":"2026-03-19T10:20:42","guid":{"rendered":"https:\/\/www.egemtv.com\/?p=94459"},"modified":"2026-03-19T13:20:43","modified_gmt":"2026-03-19T10:20:43","slug":"baskan-yetiskinden-cocuklara-bayram-hediyesi","status":"publish","type":"post","link":"https:\/\/www.egemtv.com\/?p=94459","title":{"rendered":"Ba\u015fkan Yeti\u015fkin\u2019den \u00e7ocuklara bayram hediyesi"},"content":{"rendered":"<p>Ayd\u0131n\u2019\u0131n Efeler il\u00e7esinde Belediye Ba\u015fkan\u0131 An\u0131l Yeti\u015fkin\u2019in talimat\u0131yla belirlenen 55 \u00e7ocu\u011fa bayraml\u0131k k\u0131yafet ve ayakkab\u0131 hediye edildi.<\/p>\n<p>Efeler Belediye Ba\u015fkan\u0131 An\u0131l Yeti\u015fkin\u2019in talimat\u0131yla 55 \u00e7ocu\u011fa bayraml\u0131k k\u0131yafet hediye edildi. Efeler Belediyesi ekipleri taraf\u0131ndan titizlikle y\u00fcr\u00fct\u00fclen \u00e7al\u0131\u015fma kapsam\u0131nda, \u00e7ocuklar belirlenerek bayraml\u0131k k\u0131yafetleri \u00f6zenle haz\u0131rland\u0131. Bayram\u0131n ruhuna uygun \u015fekilde, al\u0131nan bayraml\u0131klar tek tek \u00e7ocuklar\u0131n evlerine gidilerek teslim edildi. Bayraml\u0131klar\u0131n\u0131 teslim alan \u00e7ocuklar mutlu olurken, aileler de Ba\u015fkan An\u0131l Yeti\u015fkin\u2019e te\u015fekk\u00fcr etti. Kap\u0131lar\u0131n\u0131 \u00e7alan belediye ekipleriyle kar\u015f\u0131la\u015fan minikler, bayram sevincini erkenden ya\u015famaya ba\u015flarken, aileler de bu ince d\u00fc\u015f\u00fcnce kar\u015f\u0131s\u0131nda b\u00fcy\u00fck memnuniyet duydu. Vatanda\u015flar, bayram \u00f6ncesinde ger\u00e7ekle\u015ftirilen sosyal \u00e7al\u0131\u015fmalar\u0131n toplumda birlik ve beraberli\u011fi g\u00fc\u00e7lendirdi\u011fini vurgulad\u0131.<br \/><\/p>\n","protected":false},"excerpt":{"rendered":"<p>Ayd\u0131n\u2019\u0131n Efeler il\u00e7esinde Belediye Ba\u015fkan\u0131 An\u0131l Yeti\u015fkin\u2019in talimat\u0131yla belirlenen 55 \u00e7ocu\u011fa bayraml\u0131k k\u0131yafet ve ayakkab\u0131 hediye edildi. Efeler Belediye Ba\u015fkan\u0131 An\u0131l Yeti\u015fkin\u2019in talimat\u0131yla 55 \u00e7ocu\u011fa bayraml\u0131k k\u0131yafet hediye edildi. Efeler Belediyesi ekipleri taraf\u0131ndan titizlikle y\u00fcr\u00fct\u00fclen \u00e7al\u0131\u015fma kapsam\u0131nda, \u00e7ocuklar belirlenerek bayraml\u0131k k\u0131yafetleri \u00f6zenle haz\u0131rland\u0131. Bayram\u0131n ruhuna uygun \u015fekilde, al\u0131nan bayraml\u0131klar tek tek \u00e7ocuklar\u0131n evlerine gidilerek teslim&#8230;<\/p>\n","protected":false},"author":1,"featured_media":94460,"comment_status":"open","ping_status":"open","sticky":false,"template":"","format":"standard","meta":{"_crdt_document":"","footnotes":""},"categories":[1],"tags":[],"class_list":["post-94459","post","type-post","status-publish","format-standard","has-post-thumbnail","hentry","category-guncel"],"_links":{"self":[{"href":"https:\/\/www.egemtv.com\/index.php?rest_route=\/wp\/v2\/posts\/94459","targetHints":{"allow":["GET"]}}],"collection":[{"href":"https:\/\/www.egemtv.com\/index.php?rest_route=\/wp\/v2\/posts"}],"about":[{"href":"https:\/\/www.egemtv.com\/index.php?rest_route=\/wp\/v2\/types\/post"}],"author":[{"embeddable":true,"href":"https:\/\/www.egemtv.com\/index.php?rest_route=\/wp\/v2\/users\/1"}],"replies":[{"embeddable":true,"href":"https:\/\/www.egemtv.com\/index.php?rest_route=%2Fwp%2Fv2%2Fcomments&post=94459"}],"version-history":[{"count":1,"href":"https:\/\/www.egemtv.com\/index.php?rest_route=\/wp\/v2\/posts\/94459\/revisions"}],"predecessor-version":[{"id":94461,"href":"https:\/\/www.egemtv.com\/index.php?rest_route=\/wp\/v2\/posts\/94459\/revisions\/94461"}],"wp:featuredmedia":[{"embeddable":true,"href":"https:\/\/www.egemtv.com\/index.php?rest_route=\/wp\/v2\/media\/94460"}],"wp:attachment":[{"href":"https:\/\/www.egemtv.com\/index.php?rest_route=%2Fwp%2Fv2%2Fmedia&parent=94459"}],"wp:term":[{"taxonomy":"category","embeddable":true,"href":"https:\/\/www.egemtv.com\/index.php?rest_route=%2Fwp%2Fv2%2Fcategories&post=94459"},{"taxonomy":"post_tag","embeddable":true,"href":"https:\/\/www.egemtv.com\/index.php?rest_route=%2Fwp%2Fv2%2Ftags&post=94459"}],"curies":[{"name":"wp","href":"https:\/\/api.w.org\/{rel}","templated":true}]}}