{"id":94456,"date":"2026-03-19T13:20:41","date_gmt":"2026-03-19T10:20:41","guid":{"rendered":"https:\/\/www.egemtv.com\/?p=94456"},"modified":"2026-03-19T13:20:42","modified_gmt":"2026-03-19T10:20:42","slug":"baskan-ozel-ramazan-bayramina-ulasmanin-sevincini-hep-birlikte-yasiyoruz","status":"publish","type":"post","link":"https:\/\/www.egemtv.com\/?p=94456","title":{"rendered":"Ba\u015fkan \u00d6zel: &#8220;Ramazan Bayram\u0131\u2019na ula\u015fman\u0131n sevincini hep birlikte ya\u015f\u0131yoruz&#8221;"},"content":{"rendered":"<p>Bozdo\u011fan Belediye Ba\u015fkan\u0131 Mustafa Galip \u00d6zel, Ramazan Bayram\u0131 dolay\u0131s\u0131yla bir kutlama mesaj\u0131 yay\u0131mlad\u0131.<\/p>\n<p>Ba\u015fkan \u00d6zel mesaj\u0131nda, Ramazan ay\u0131n\u0131n ard\u0131ndan bayrama ula\u015fman\u0131n huzur ve mutlulu\u011funu ya\u015fad\u0131klar\u0131n\u0131 belirterek, &#8220;Rahmet, bereket ve payla\u015fman\u0131n simgesi m\u00fcbarek Ramazan ay\u0131n\u0131 geride b\u0131rak\u0131rken, birlik ve beraberli\u011fimizi daha da g\u00fc\u00e7lendiren Ramazan Bayram\u0131\u2019na ula\u015fman\u0131n sevincini hep birlikte ya\u015f\u0131yoruz&#8221; ifadelerini kulland\u0131.<\/p>\n<p>Bayramlar\u0131n toplumsal birlik ve dayan\u0131\u015fmay\u0131 peki\u015ftiren \u00f6zel g\u00fcnler oldu\u011funa dikkat \u00e7eken Ba\u015fkan \u00d6zel, &#8220;Bayramlar; g\u00f6n\u00fcllerin bulu\u015ftu\u011fu, k\u0131rg\u0131nl\u0131klar\u0131n yerini ho\u015fg\u00f6r\u00fcye b\u0131rakt\u0131\u011f\u0131, dayan\u0131\u015fma ve karde\u015flik duygular\u0131n\u0131n en g\u00fc\u00e7l\u00fc \u015fekilde hissedildi\u011fi m\u00fcstesna zamanlard\u0131r. Bu anlaml\u0131 g\u00fcnlerin il\u00e7emize huzur, \u00fclkemize birlik ve beraberlik, t\u00fcm \u0130slam \u00e2lemine sa\u011fl\u0131k, bar\u0131\u015f ve bereket getirmesini temenni ediyorum&#8221; dedi.<\/p>\n<p>Vatanda\u015flara bayram\u0131n manevi ruhuna uygun hareket etme \u00e7a\u011fr\u0131s\u0131nda da bulunan Ba\u015fkan \u00d6zel, b\u00fcy\u00fcklerin ziyaret edilmesi, ihtiya\u00e7 sahiplerinin g\u00f6zetilmesi ve \u00e7ocuklar\u0131n sevindirilmesinin \u00f6nemine vurgu yapt\u0131.<\/p>\n<p>Ba\u015fkan \u00d6zel mesaj\u0131n\u0131n sonunda, &#8220;Ba\u015fta k\u0131ymetli hem\u015fehrilerim olmak \u00fczere aziz milletimizin ve t\u00fcm \u0130slam aleminin Ramazan Bayram\u0131\u2019n\u0131 en i\u00e7ten dileklerimle kutluyor, sevdikleriyle birlikte sa\u011fl\u0131kl\u0131, huzurlu ve nice bayramlar diliyorum&#8221; ifadelerine yer verdi.<br \/><\/p>\n","protected":false},"excerpt":{"rendered":"<p>Bozdo\u011fan Belediye Ba\u015fkan\u0131 Mustafa Galip \u00d6zel, Ramazan Bayram\u0131 dolay\u0131s\u0131yla bir kutlama mesaj\u0131 yay\u0131mlad\u0131. Ba\u015fkan \u00d6zel mesaj\u0131nda, Ramazan ay\u0131n\u0131n ard\u0131ndan bayrama ula\u015fman\u0131n huzur ve mutlulu\u011funu ya\u015fad\u0131klar\u0131n\u0131 belirterek, &#8220;Rahmet, bereket ve payla\u015fman\u0131n simgesi m\u00fcbarek Ramazan ay\u0131n\u0131 geride b\u0131rak\u0131rken, birlik ve beraberli\u011fimizi daha da g\u00fc\u00e7lendiren Ramazan Bayram\u0131\u2019na ula\u015fman\u0131n sevincini hep birlikte ya\u015f\u0131yoruz&#8221; ifadelerini kulland\u0131. Bayramlar\u0131n toplumsal birlik ve&#8230;<\/p>\n","protected":false},"author":1,"featured_media":94457,"comment_status":"open","ping_status":"open","sticky":false,"template":"","format":"standard","meta":{"_crdt_document":"","footnotes":""},"categories":[1],"tags":[],"class_list":["post-94456","post","type-post","status-publish","format-standard","has-post-thumbnail","hentry","category-guncel"],"_links":{"self":[{"href":"https:\/\/www.egemtv.com\/index.php?rest_route=\/wp\/v2\/posts\/94456","targetHints":{"allow":["GET"]}}],"collection":[{"href":"https:\/\/www.egemtv.com\/index.php?rest_route=\/wp\/v2\/posts"}],"about":[{"href":"https:\/\/www.egemtv.com\/index.php?rest_route=\/wp\/v2\/types\/post"}],"author":[{"embeddable":true,"href":"https:\/\/www.egemtv.com\/index.php?rest_route=\/wp\/v2\/users\/1"}],"replies":[{"embeddable":true,"href":"https:\/\/www.egemtv.com\/index.php?rest_route=%2Fwp%2Fv2%2Fcomments&post=94456"}],"version-history":[{"count":1,"href":"https:\/\/www.egemtv.com\/index.php?rest_route=\/wp\/v2\/posts\/94456\/revisions"}],"predecessor-version":[{"id":94458,"href":"https:\/\/www.egemtv.com\/index.php?rest_route=\/wp\/v2\/posts\/94456\/revisions\/94458"}],"wp:featuredmedia":[{"embeddable":true,"href":"https:\/\/www.egemtv.com\/index.php?rest_route=\/wp\/v2\/media\/94457"}],"wp:attachment":[{"href":"https:\/\/www.egemtv.com\/index.php?rest_route=%2Fwp%2Fv2%2Fmedia&parent=94456"}],"wp:term":[{"taxonomy":"category","embeddable":true,"href":"https:\/\/www.egemtv.com\/index.php?rest_route=%2Fwp%2Fv2%2Fcategories&post=94456"},{"taxonomy":"post_tag","embeddable":true,"href":"https:\/\/www.egemtv.com\/index.php?rest_route=%2Fwp%2Fv2%2Ftags&post=94456"}],"curies":[{"name":"wp","href":"https:\/\/api.w.org\/{rel}","templated":true}]}}