{"id":94426,"date":"2026-03-19T11:35:39","date_gmt":"2026-03-19T08:35:39","guid":{"rendered":"https:\/\/www.egemtv.com\/?p=94426"},"modified":"2026-03-19T11:35:40","modified_gmt":"2026-03-19T08:35:40","slug":"aydinda-10-yil-hapis-cezasiyla-aranan-hukumlu-yakalandi","status":"publish","type":"post","link":"https:\/\/www.egemtv.com\/?p=94426","title":{"rendered":"Ayd\u0131n\u2019da 10 y\u0131l hapis cezas\u0131yla aranan h\u00fck\u00fcml\u00fc yakaland\u0131"},"content":{"rendered":"<p>Ayd\u0131n\u2019\u0131n Ku\u015fadas\u0131 il\u00e7esinde jandarma ekipleri taraf\u0131ndan 10 y\u0131l 2 ay hapis cezas\u0131 bulunan h\u00fck\u00fcml\u00fc yakaland\u0131.<\/p>\n<p>Ayd\u0131n \u0130l Jandarma Komutanl\u0131\u011f\u0131 Ku\u015fadas\u0131 \u0130l\u00e7e Jandarma Komutanl\u0131\u011f\u0131 ekiplerince 18 Mart 2026 tarihinde Ku\u015fadas\u0131 il\u00e7esinde y\u00fcr\u00fct\u00fclen \u00e7al\u0131\u015fmalar kapsam\u0131nda, G\u00fcveni K\u00f6t\u00fcye Kullanma su\u00e7undan aranan ve hakk\u0131nda 10 y\u0131l 2 ay kesinle\u015fmi\u015f hapis cezas\u0131 bulunan Y.K.H. (45) yakaland\u0131. Hakk\u0131nda ayr\u0131ca 9 farkl\u0131 su\u00e7 kayd\u0131 bulundu\u011fu tespit edilen h\u00fck\u00fcml\u00fc, adli i\u015flemlerinin tamamlanmas\u0131n\u0131n ard\u0131ndan Kapal\u0131 Ceza \u0130nfaz Kurumu\u2019na teslim edildi.<br \/><\/p>\n","protected":false},"excerpt":{"rendered":"<p>Ayd\u0131n\u2019\u0131n Ku\u015fadas\u0131 il\u00e7esinde jandarma ekipleri taraf\u0131ndan 10 y\u0131l 2 ay hapis cezas\u0131 bulunan h\u00fck\u00fcml\u00fc yakaland\u0131. Ayd\u0131n \u0130l Jandarma Komutanl\u0131\u011f\u0131 Ku\u015fadas\u0131 \u0130l\u00e7e Jandarma Komutanl\u0131\u011f\u0131 ekiplerince 18 Mart 2026 tarihinde Ku\u015fadas\u0131 il\u00e7esinde y\u00fcr\u00fct\u00fclen \u00e7al\u0131\u015fmalar kapsam\u0131nda, G\u00fcveni K\u00f6t\u00fcye Kullanma su\u00e7undan aranan ve hakk\u0131nda 10 y\u0131l 2 ay kesinle\u015fmi\u015f hapis cezas\u0131 bulunan Y.K.H. (45) yakaland\u0131. Hakk\u0131nda ayr\u0131ca 9 farkl\u0131&#8230;<\/p>\n","protected":false},"author":1,"featured_media":94427,"comment_status":"open","ping_status":"open","sticky":false,"template":"","format":"standard","meta":{"_crdt_document":"","footnotes":""},"categories":[1],"tags":[],"class_list":["post-94426","post","type-post","status-publish","format-standard","has-post-thumbnail","hentry","category-guncel"],"_links":{"self":[{"href":"https:\/\/www.egemtv.com\/index.php?rest_route=\/wp\/v2\/posts\/94426","targetHints":{"allow":["GET"]}}],"collection":[{"href":"https:\/\/www.egemtv.com\/index.php?rest_route=\/wp\/v2\/posts"}],"about":[{"href":"https:\/\/www.egemtv.com\/index.php?rest_route=\/wp\/v2\/types\/post"}],"author":[{"embeddable":true,"href":"https:\/\/www.egemtv.com\/index.php?rest_route=\/wp\/v2\/users\/1"}],"replies":[{"embeddable":true,"href":"https:\/\/www.egemtv.com\/index.php?rest_route=%2Fwp%2Fv2%2Fcomments&post=94426"}],"version-history":[{"count":1,"href":"https:\/\/www.egemtv.com\/index.php?rest_route=\/wp\/v2\/posts\/94426\/revisions"}],"predecessor-version":[{"id":94428,"href":"https:\/\/www.egemtv.com\/index.php?rest_route=\/wp\/v2\/posts\/94426\/revisions\/94428"}],"wp:featuredmedia":[{"embeddable":true,"href":"https:\/\/www.egemtv.com\/index.php?rest_route=\/wp\/v2\/media\/94427"}],"wp:attachment":[{"href":"https:\/\/www.egemtv.com\/index.php?rest_route=%2Fwp%2Fv2%2Fmedia&parent=94426"}],"wp:term":[{"taxonomy":"category","embeddable":true,"href":"https:\/\/www.egemtv.com\/index.php?rest_route=%2Fwp%2Fv2%2Fcategories&post=94426"},{"taxonomy":"post_tag","embeddable":true,"href":"https:\/\/www.egemtv.com\/index.php?rest_route=%2Fwp%2Fv2%2Ftags&post=94426"}],"curies":[{"name":"wp","href":"https:\/\/api.w.org\/{rel}","templated":true}]}}