{"id":94423,"date":"2026-03-19T11:00:54","date_gmt":"2026-03-19T08:00:54","guid":{"rendered":"https:\/\/www.egemtv.com\/?p=94423"},"modified":"2026-03-19T11:00:55","modified_gmt":"2026-03-19T08:00:55","slug":"eude-cocuklari-savunan-gorsel-tasarimlar-icin-guc-birligi","status":"publish","type":"post","link":"https:\/\/www.egemtv.com\/?p=94423","title":{"rendered":"E\u00dc\u2019de \u00e7ocuklar\u0131 savunan g\u00f6rsel tasar\u0131mlar i\u00e7in g\u00fc\u00e7 birli\u011fi"},"content":{"rendered":"<p>Ege \u00dcniversitesi (E\u00dc) \u00e7ocuk haklar\u0131n\u0131n korunmas\u0131 ve \u00e7ocuk istismar\u0131n\u0131n \u00f6nlenmesi konusunda toplumsal fark\u0131ndal\u0131\u011f\u0131 art\u0131ran etkinliklere devam ediyor. Ege \u00dcniversitesi Bilim \u0130leti\u015fimi Koordinat\u00f6rl\u00fc\u011f\u00fc ile Kariyer Planlama ve Ba\u015far\u0131 Koordinat\u00f6rl\u00fc\u011f\u00fc i\u015f birli\u011finde d\u00fczenlenen etkinlikte, Saadet \u00d6\u011fretmen \u00c7ocuk \u0130stismar\u0131 ile M\u00fccadele Derne\u011fi (UC\u0130M) temsilcileri, G\u00fczel Sanatlar Tasar\u0131m ve Mimarl\u0131k Fak\u00fcltesi G\u00f6rsel \u0130leti\u015fim Tasar\u0131m\u0131 B\u00f6l\u00fcm\u00fc akademisyenleri ve \u00f6\u011frencileriyle bir araya geldi. Bulu\u015fmada, \u00e7ocuk haklar\u0131, hukuki s\u00fcre\u00e7ler ve \u00e7ocuk istismar\u0131n\u0131n psikolojik boyutlar\u0131 ele al\u0131n\u0131rken, ihmal, istismar ve \u00e7evrimi\u00e7i tehlikelere kar\u015f\u0131 fark\u0131ndal\u0131k olu\u015fturmak amac\u0131yla stratejik bir i\u015f birli\u011fine imza at\u0131ld\u0131.<br \/>\n<br \/>\u00c7ocuk haklar\u0131 savunuculu\u011funda g\u00f6rsel dilin \u00f6nemine vurgu yapan Ege \u00dcniversitesi G\u00fczel Sanatlar, Tasar\u0131m ve Mimarl\u0131k Fak\u00fcltesi Dekan Yard\u0131mc\u0131s\u0131 ve G\u00f6rsel \u0130leti\u015fim Tasar\u0131m\u0131 B\u00f6l\u00fcm Ba\u015fkan\u0131 Prof. Dr. Cem G\u00fczelo\u011flu, &#8220;\u00c7ocuk haklar\u0131 tart\u0131\u015fmalar\u0131nda \u00e7o\u011fu zaman haber dili ve kullan\u0131lan kelimelere odaklan\u0131yoruz. Oysa medyan\u0131n g\u00f6rsel dili de en az s\u00f6zl\u00fc anlat\u0131m kadar g\u00fc\u00e7l\u00fc bir etkiye sahiptir. \u00c7ocuklar medyada genellikle ma\u011fduriyet odakl\u0131 temsil ediliyor. \u00c7ocuklar\u0131 yaln\u0131zca ma\u011fduriyetin simgesi olarak de\u011fil, hak sahibi bireyler olarak g\u00f6r\u00fcn\u00fcr k\u0131lan bir g\u00f6rsel dil geli\u015ftirmek b\u00fcy\u00fck \u00f6nem ta\u015f\u0131yor. Bazen tek bir g\u00fc\u00e7l\u00fc g\u00f6rsel, uzun raporlar\u0131n anlatamad\u0131\u011f\u0131n\u0131 anlatabilir&#8221; dedi.<\/p>\n<p>&#8220;Vakalar\u0131n g\u00f6r\u00fcn\u00fcrl\u00fc\u011f\u00fc \u00e7ocuklara destek sa\u011fl\u0131yor&#8221;<br \/>\n<br \/>Etkinlikte, UC\u0130M Bilim Kurulu \u00dcyesi Buse Ak ve UC\u0130M Etkinlik ve Dava Koordinat\u00f6r\u00fc Esin K\u0131l\u0131\u00e7arslan\u2019\u0131n derne\u011fin faaliyetlerini tan\u0131tan sunumlar\u0131n\u0131 ger\u00e7ekle\u015ftirdiler. UC\u0130M\u2019in \u00e7ocuklar\u0131n korunmas\u0131 ve adalet s\u00fcre\u00e7lerinin takip edilmesi noktas\u0131nda hayati bir sivil toplum a\u011f\u0131 olu\u015fturdu\u011funu vurgulayan Buse Ak, \u00e7ocuklar\u0131n maruz kald\u0131\u011f\u0131 istismar vakalar\u0131n\u0131n g\u00f6r\u00fcn\u00fcr k\u0131l\u0131nmas\u0131n\u0131n \u00f6nemine dikkat \u00e7ekti. Ak, bu s\u00fcre\u00e7lerde \u00e7ocuklar i\u00e7in g\u00fc\u00e7l\u00fc bir destek mekanizmas\u0131 olu\u015fturman\u0131n kritik bir rol oynad\u0131\u011f\u0131n\u0131 belirtti. Esin K\u0131l\u0131\u00e7arslan ise UC\u0130M\u2019in fark\u0131ndal\u0131k \u00e7al\u0131\u015fmalar\u0131 ve dava s\u00fcre\u00e7lerindeki aktif rol\u00fcne de\u011finerek, \u00e7ocuklar\u0131n g\u00fcvenli ya\u015fam hakk\u0131n\u0131n korunmas\u0131n\u0131n toplumsal bir \u00f6dev oldu\u011funu dile getirdi.<\/p>\n<p>&#8220;B\u00fcy\u00fcyen Tehdit: \u00c7evrimi\u00e7i \u0130stismar&#8221;<br \/>\n<br \/>UC\u0130M T\u00fcrkiye Hukuk Koordinat\u00f6r\u00fc Av. Ceren Evcil, g\u00fcn\u00fcm\u00fcz\u00fcn en b\u00fcy\u00fck tehditlerinden biri olan \u00e7evrimi\u00e7i istismar konusunu hukuk perspektifinden ele ald\u0131. Dijitalle\u015fen d\u00fcnyada \u00e7ocuklar\u0131n kar\u015f\u0131 kar\u015f\u0131ya kald\u0131\u011f\u0131 risklerin evrildi\u011fini belirten Evcil, \u00e7evrimi\u00e7i istismar\u0131n giderek artan bir tehlike oldu\u011funu ifade etti. \u00c7ocuklar\u0131n dijital ortamlarda korunmas\u0131na y\u00f6nelik hukuki fark\u0131ndal\u0131\u011f\u0131n ve \u00f6nleyici mekanizmalar\u0131n g\u00fc\u00e7lendirilmesinin elzem oldu\u011funu vurgulayan Evcil, yeni medya d\u00fczeninde \u00e7ocuk haklar\u0131n\u0131n savunulmas\u0131 gerekti\u011fini s\u00f6yledi. Ard\u0131ndan s\u00f6z alan UC\u0130M \u0130zmir Rehabilitasyon ve E\u011fitim Koordinat\u00f6r\u00fc Psikolojik Dan\u0131\u015fman Ya\u011fmur Karaday\u0131 ve Klinik Psikolog P\u0131r\u0131l Bilger \u00d6zkaranfil, gen\u00e7lere \u00e7ocuk ihmal ve istismar\u0131n\u0131n psikolojik boyutlar\u0131 hakk\u0131nda kapsaml\u0131 bilgiler sundu. Uzmanlar, istismar durumlar\u0131n\u0131n \u00f6nlenmesinde yeti\u015fkinlerin sorumluluklar\u0131n\u0131 ve profesyonel psikolojik deste\u011fin \u00f6nemini anlatt\u0131.<br \/>\n<br \/>Etkinli\u011fin son b\u00f6l\u00fcm\u00fcnde, g\u00f6rsel tasar\u0131m\u0131n toplumsal d\u00f6n\u00fc\u015f\u00fcmdeki g\u00fcc\u00fc \u00fczerine bir beyin f\u0131rt\u0131nas\u0131 ger\u00e7ekle\u015ftirildi. Egeli gen\u00e7 tasar\u0131mc\u0131lar, edindikleri bilgiler \u0131\u015f\u0131\u011f\u0131nda \u00e7ocuk haklar\u0131n\u0131 savunan ve toplumsal fark\u0131ndal\u0131\u011f\u0131 art\u0131racak g\u00f6rsel kampanya materyalleri \u00fcretmek \u00fczere \u00e7al\u0131\u015fmalara ba\u015flad\u0131.<br \/><\/p>\n","protected":false},"excerpt":{"rendered":"<p>Ege \u00dcniversitesi (E\u00dc) \u00e7ocuk haklar\u0131n\u0131n korunmas\u0131 ve \u00e7ocuk istismar\u0131n\u0131n \u00f6nlenmesi konusunda toplumsal fark\u0131ndal\u0131\u011f\u0131 art\u0131ran etkinliklere devam ediyor. Ege \u00dcniversitesi Bilim \u0130leti\u015fimi Koordinat\u00f6rl\u00fc\u011f\u00fc ile Kariyer Planlama ve Ba\u015far\u0131 Koordinat\u00f6rl\u00fc\u011f\u00fc i\u015f birli\u011finde d\u00fczenlenen etkinlikte, Saadet \u00d6\u011fretmen \u00c7ocuk \u0130stismar\u0131 ile M\u00fccadele Derne\u011fi (UC\u0130M) temsilcileri, G\u00fczel Sanatlar Tasar\u0131m ve Mimarl\u0131k Fak\u00fcltesi G\u00f6rsel \u0130leti\u015fim Tasar\u0131m\u0131 B\u00f6l\u00fcm\u00fc akademisyenleri ve \u00f6\u011frencileriyle bir&#8230;<\/p>\n","protected":false},"author":1,"featured_media":94424,"comment_status":"open","ping_status":"open","sticky":false,"template":"","format":"standard","meta":{"_crdt_document":"","footnotes":""},"categories":[1],"tags":[],"class_list":["post-94423","post","type-post","status-publish","format-standard","has-post-thumbnail","hentry","category-guncel"],"_links":{"self":[{"href":"https:\/\/www.egemtv.com\/index.php?rest_route=\/wp\/v2\/posts\/94423","targetHints":{"allow":["GET"]}}],"collection":[{"href":"https:\/\/www.egemtv.com\/index.php?rest_route=\/wp\/v2\/posts"}],"about":[{"href":"https:\/\/www.egemtv.com\/index.php?rest_route=\/wp\/v2\/types\/post"}],"author":[{"embeddable":true,"href":"https:\/\/www.egemtv.com\/index.php?rest_route=\/wp\/v2\/users\/1"}],"replies":[{"embeddable":true,"href":"https:\/\/www.egemtv.com\/index.php?rest_route=%2Fwp%2Fv2%2Fcomments&post=94423"}],"version-history":[{"count":1,"href":"https:\/\/www.egemtv.com\/index.php?rest_route=\/wp\/v2\/posts\/94423\/revisions"}],"predecessor-version":[{"id":94425,"href":"https:\/\/www.egemtv.com\/index.php?rest_route=\/wp\/v2\/posts\/94423\/revisions\/94425"}],"wp:featuredmedia":[{"embeddable":true,"href":"https:\/\/www.egemtv.com\/index.php?rest_route=\/wp\/v2\/media\/94424"}],"wp:attachment":[{"href":"https:\/\/www.egemtv.com\/index.php?rest_route=%2Fwp%2Fv2%2Fmedia&parent=94423"}],"wp:term":[{"taxonomy":"category","embeddable":true,"href":"https:\/\/www.egemtv.com\/index.php?rest_route=%2Fwp%2Fv2%2Fcategories&post=94423"},{"taxonomy":"post_tag","embeddable":true,"href":"https:\/\/www.egemtv.com\/index.php?rest_route=%2Fwp%2Fv2%2Ftags&post=94423"}],"curies":[{"name":"wp","href":"https:\/\/api.w.org\/{rel}","templated":true}]}}