{"id":94420,"date":"2026-03-19T11:00:52","date_gmt":"2026-03-19T08:00:52","guid":{"rendered":"https:\/\/www.egemtv.com\/?p=94420"},"modified":"2026-03-19T11:00:54","modified_gmt":"2026-03-19T08:00:54","slug":"baskan-yetiskinden-ramazan-bayrami-mesaji","status":"publish","type":"post","link":"https:\/\/www.egemtv.com\/?p=94420","title":{"rendered":"Ba\u015fkan Yeti\u015fkin\u2019den Ramazan Bayram\u0131 mesaj\u0131"},"content":{"rendered":"<p>Efeler Belediye Ba\u015fkan\u0131 An\u0131l Yeti\u015fkin Ramazan Bayram\u0131 dolay\u0131s\u0131yla bir mesaj yay\u0131nlad\u0131.<br \/>\n<br \/>Bayramlar\u0131 adaletin ve sevginin g\u00fc\u00e7 kazand\u0131\u011f\u0131 \u00f6zel zamanlar olarak nitelendiren Ba\u015fkan Yeti\u015fkin, &#8220;Rahmet, bereket ve dayan\u0131\u015fma ay\u0131 olan Ramazan\u2019\u0131 geride b\u0131rak\u0131rken, birlik ve beraberli\u011fimizin en g\u00fc\u00e7l\u00fc \u015fekilde hissedildi\u011fi m\u00fcbarek Ramazan Bayram\u0131\u2019na ula\u015fman\u0131n huzurunu ve mutlulu\u011funu ya\u015f\u0131yoruz. Bayramlar; k\u0131rg\u0131nl\u0131klar\u0131n unutuldu\u011fu, g\u00f6n\u00fcllerin birle\u015fti\u011fi, adaletin, sevginin ve karde\u015fli\u011fin g\u00fc\u00e7 kazand\u0131\u011f\u0131 en \u00f6zel zamanlard\u0131r&#8221; dedi.<br \/>\n<br \/>Ramazan boyunca Efeler Belediyesi\u2019nin ger\u00e7ekle\u015ftirdi\u011fi dayan\u0131\u015fma \u00e7al\u0131\u015fmalar\u0131na da de\u011finen Ba\u015fkan Yeti\u015fkin, &#8220;Bizler Efeler Belediyesi olarak, bu anlaml\u0131 ay boyunca payla\u015fman\u0131n ve dayan\u0131\u015fman\u0131n sorumlulu\u011funu y\u00fcre\u011fimizde hissederek \u00e7al\u0131\u015ft\u0131k. \u0130htiya\u00e7 sahibi binlerce ailemize g\u0131da kolilerimizi ula\u015ft\u0131rarak sofralar\u0131na bir nebze katk\u0131 sunmaya gayret ettik. Bak\u0131ma muhta\u00e7 vatanda\u015flar\u0131m\u0131z\u0131n evlerine giderek onlar\u0131n ki\u015fisel bak\u0131m ve temizlik ihtiya\u00e7lar\u0131n\u0131 kar\u015f\u0131lad\u0131k, yaln\u0131z olmad\u0131klar\u0131n\u0131 hissettirmeye \u00e7al\u0131\u015ft\u0131k. Gelece\u011fimizin teminat\u0131 olan \u00e7ocuklar\u0131m\u0131z\u0131n bayram sevincine ortak olmak i\u00e7in bayram t\u0131ra\u015flar\u0131n\u0131 ger\u00e7ekle\u015ftirdik, sosyal giyim noktam\u0131z arac\u0131l\u0131\u011f\u0131yla onlarca evlad\u0131m\u0131za bayraml\u0131klar\u0131n\u0131 hediye ederek y\u00fczlerinde bir tebess\u00fcm olabilmenin mutlulu\u011funu ya\u015fad\u0131k. \u00c7\u00fcnk\u00fc biliyoruz ki; bir \u00e7ocu\u011fun g\u00fcl\u00fc\u015f\u00fc, bir ailenin huzuru, bir toplumun en b\u00fcy\u00fck zenginli\u011fidir. T\u00fcm bu \u00e7al\u0131\u015fmalar\u0131m\u0131z\u0131n temelinde; adaletin, e\u015fitli\u011fin ve insan onuruna yak\u0131\u015f\u0131r bir ya\u015fam\u0131n herkes i\u00e7in m\u00fcmk\u00fcn oldu\u011fu bir Efeler inanc\u0131 yatmaktad\u0131r. Biz, kimseyi geride b\u0131rakmadan, dayan\u0131\u015fmay\u0131 b\u00fcy\u00fcterek, ortak de\u011ferlerimiz etraf\u0131nda kenetlenmeye devam edece\u011fiz&#8221; diye konu\u015ftu.<br \/>\n<br \/>Ba\u015fkan Yeti\u015fkin mesaj\u0131n\u0131n son b\u00f6l\u00fcm\u00fcnde ise, &#8220;Bu duygu ve d\u00fc\u015f\u00fcncelerle; Ramazan Bayram\u0131\u2019n\u0131n il\u00e7emize, \u00fclkemize ve t\u00fcm insanl\u0131\u011fa sa\u011fl\u0131k, huzur, mutluluk ve bar\u0131\u015f getirmesini diliyorum. T\u00fcm hem\u015fehrilerimin Ramazan Bayram\u0131\u2019n\u0131 en i\u00e7ten duygular\u0131mla kutluyorum, sevdiklerinizle birlikte nice sa\u011fl\u0131kl\u0131, huzurlu ve mutlu bayramlar ge\u00e7irmenizi diliyorum&#8221; ifadelerine yer verdi.<br \/><\/p>\n","protected":false},"excerpt":{"rendered":"<p>Efeler Belediye Ba\u015fkan\u0131 An\u0131l Yeti\u015fkin Ramazan Bayram\u0131 dolay\u0131s\u0131yla bir mesaj yay\u0131nlad\u0131. Bayramlar\u0131 adaletin ve sevginin g\u00fc\u00e7 kazand\u0131\u011f\u0131 \u00f6zel zamanlar olarak nitelendiren Ba\u015fkan Yeti\u015fkin, &#8220;Rahmet, bereket ve dayan\u0131\u015fma ay\u0131 olan Ramazan\u2019\u0131 geride b\u0131rak\u0131rken, birlik ve beraberli\u011fimizin en g\u00fc\u00e7l\u00fc \u015fekilde hissedildi\u011fi m\u00fcbarek Ramazan Bayram\u0131\u2019na ula\u015fman\u0131n huzurunu ve mutlulu\u011funu ya\u015f\u0131yoruz. Bayramlar; k\u0131rg\u0131nl\u0131klar\u0131n unutuldu\u011fu, g\u00f6n\u00fcllerin birle\u015fti\u011fi, adaletin, sevginin ve&#8230;<\/p>\n","protected":false},"author":1,"featured_media":94421,"comment_status":"open","ping_status":"open","sticky":false,"template":"","format":"standard","meta":{"_crdt_document":"","footnotes":""},"categories":[1],"tags":[],"class_list":["post-94420","post","type-post","status-publish","format-standard","has-post-thumbnail","hentry","category-guncel"],"_links":{"self":[{"href":"https:\/\/www.egemtv.com\/index.php?rest_route=\/wp\/v2\/posts\/94420","targetHints":{"allow":["GET"]}}],"collection":[{"href":"https:\/\/www.egemtv.com\/index.php?rest_route=\/wp\/v2\/posts"}],"about":[{"href":"https:\/\/www.egemtv.com\/index.php?rest_route=\/wp\/v2\/types\/post"}],"author":[{"embeddable":true,"href":"https:\/\/www.egemtv.com\/index.php?rest_route=\/wp\/v2\/users\/1"}],"replies":[{"embeddable":true,"href":"https:\/\/www.egemtv.com\/index.php?rest_route=%2Fwp%2Fv2%2Fcomments&post=94420"}],"version-history":[{"count":1,"href":"https:\/\/www.egemtv.com\/index.php?rest_route=\/wp\/v2\/posts\/94420\/revisions"}],"predecessor-version":[{"id":94422,"href":"https:\/\/www.egemtv.com\/index.php?rest_route=\/wp\/v2\/posts\/94420\/revisions\/94422"}],"wp:featuredmedia":[{"embeddable":true,"href":"https:\/\/www.egemtv.com\/index.php?rest_route=\/wp\/v2\/media\/94421"}],"wp:attachment":[{"href":"https:\/\/www.egemtv.com\/index.php?rest_route=%2Fwp%2Fv2%2Fmedia&parent=94420"}],"wp:term":[{"taxonomy":"category","embeddable":true,"href":"https:\/\/www.egemtv.com\/index.php?rest_route=%2Fwp%2Fv2%2Fcategories&post=94420"},{"taxonomy":"post_tag","embeddable":true,"href":"https:\/\/www.egemtv.com\/index.php?rest_route=%2Fwp%2Fv2%2Ftags&post=94420"}],"curies":[{"name":"wp","href":"https:\/\/api.w.org\/{rel}","templated":true}]}}