{"id":94414,"date":"2026-03-19T11:00:50","date_gmt":"2026-03-19T08:00:50","guid":{"rendered":"https:\/\/www.egemtv.com\/?p=94414"},"modified":"2026-03-19T11:00:51","modified_gmt":"2026-03-19T08:00:51","slug":"eu-ziraat-fakultesi-eur-ace-etiketi-alarak-kalitesini-uluslararasi-arenada-tescilledi","status":"publish","type":"post","link":"https:\/\/www.egemtv.com\/?p=94414","title":{"rendered":"E\u00dc Ziraat Fak\u00fcltesi &#8220;EUR-ACE Etiketi&#8221; alarak kalitesini uluslararas\u0131 arenada tescilledi"},"content":{"rendered":"<p>Ege \u00dcniversitesi Ziraat Fak\u00fcltesi, Avrupa M\u00fchendislik E\u011fitimi Akreditasyon A\u011f\u0131 (ENAEE)  taraf\u0131ndan verilen EUR-ACE (Avrupa Akreditasyonlu M\u00fchendis) etiketi almaya hak kazanarak \u00f6nemli bir uluslararas\u0131 ba\u015far\u0131ya daha imza att\u0131.<br \/>\n<br \/>T\u00fcm b\u00f6l\u00fcmleri, Ziraat, Orman ve Su \u00dcr\u00fcnleri E\u011fitim Programlar\u0131 De\u011ferlendirme ve Akreditasyon Derne\u011fi (Z\u0130DEK) ve Peyzaj Mimarl\u0131\u011f\u0131 E\u011fitim Programlar\u0131 Akreditasyon Kurulu (PAK) taraf\u0131ndan akredite olan Ege \u00dcniversitesi Ziraat Fak\u00fcltesi &#8220;EUR-ACE Etiketi&#8221; alarak e\u011fitim kalitesini uluslararas\u0131 arenada da tescilledi. Uluslararas\u0131 Akreditasyon Belgeleri, E\u00dc Senato Salonunda d\u00fczenlenen t\u00f6renle, ENAEE ad\u0131na Z\u0130DEK Ziraat Fak\u00fclteleri E\u011fitim Programlar\u0131 Akreditasyon Kurulu (ZAK) \u00fcyesi Prof. Dr. Enver Durmu\u015fo\u011flu taraf\u0131ndan takdim edildi. T\u00f6rene; E\u00dc Rekt\u00f6r\u00fc Prof. Dr. Musa Alc\u0131, Ziraat Fak\u00fcltesi Dekan\u0131 Prof. Dr. \u0130smail Paylan, Ziraat Fak\u00fcltesi Dekan Yard\u0131mc\u0131s\u0131 ve Z\u0130DEK Fak\u00fclte Koordinat\u00f6r\u00fc Prof. Dr. Arzu Yazg\u0131 ve akredite olan b\u00f6l\u00fcmlerin ba\u015fkanlar\u0131 kat\u0131ld\u0131.<br \/>\n<br \/>E\u011fitim ve Ara\u015ft\u0131rmada kalite ve akreditasyonun \u00f6nemine dikkat \u00e7eken Ege \u00dcniversitesi Rekt\u00f6r\u00fc Prof. Dr. Musa Alc\u0131,  &#8220;Ziraat Fak\u00fcltemiz, hem EUR-ACE etiketi almaya hak kazanarak hem de Z\u0130DEK taraf\u0131ndan akredite edilerek \u00f6nemli bir ba\u015far\u0131 g\u00f6sterdi. Fak\u00fcltemiz, uluslararas\u0131 standartlarda e\u011fitimi ile \u00f6\u011frencilerini k\u00fcresel \u00f6l\u00e7ekte rekabet edebilen bireyler olarak yeti\u015ftirmeye devam ediyor. Bu \u00f6nemli ba\u015far\u0131da eme\u011fi ge\u00e7en t\u00fcm akademik ve idari personelimizi tebrik ediyor, \u00f6\u011frencilerimize ve mezunlar\u0131m\u0131za hay\u0131rl\u0131 olmas\u0131n\u0131 temenni ediyorum&#8221; dedi.<\/p>\n<p>&#8220;Avrupa Birli\u011fi \u00fclkelerinde ge\u00e7erli diploma&#8221;<br \/>\n<br \/>Fak\u00fcltenin e\u011fitim kalitesini uluslararas\u0131 arenada tescillemenin gururunu ya\u015fad\u0131klar\u0131n\u0131 belirten Ziraat Fak\u00fcltesi Dekan\u0131 Prof. Dr. \u0130smail Paylan, &#8220;ENAEE taraf\u0131ndan yetkilendirilen akreditasyon kurulu\u015flar\u0131 arac\u0131l\u0131\u011f\u0131yla verilen EUR-ACE etiketi, m\u00fchendislik e\u011fitiminde Avrupa genelinde kalite standartlar\u0131n\u0131n sa\u011fland\u0131\u011f\u0131n\u0131 belgelemekte ve mezuniyet derecelerinin uluslararas\u0131 d\u00fczeyde tan\u0131n\u0131rl\u0131\u011f\u0131n\u0131 g\u00fcvence alt\u0131na almaktad\u0131r. Bu kapsamda, ilgili b\u00f6l\u00fcmlerden mezun olan \u00f6\u011frencilerin diplomalar\u0131 t\u00fcm Avrupa Birli\u011fi \u00fclkelerinde ge\u00e7erlilik kazanmakta; mezunlar\u0131m\u0131za uluslararas\u0131 i\u015f ve akademik kariyer imkanlar\u0131nda \u00f6nemli avantajlar sunulmaktad\u0131r. EUR-ACE etiketi sayesinde mezunlar\u0131m\u0131z; Avrupa ba\u015fta olmak \u00fczere bir\u00e7ok \u00fclkede daha kolay istihdam imk\u00e2n\u0131 bulabilmekte, y\u00fcksek lisans ve doktora ba\u015fvurular\u0131nda \u00f6ncelikli de\u011ferlendirilmekte ve mesleki yeterliliklerinin uluslararas\u0131 d\u00fczeyde kabul g\u00f6rmesi sayesinde k\u00fcresel \u00f6l\u00e7ekte rekabet g\u00fcc\u00fc kazanmaktad\u0131r&#8221; dedi.<\/p>\n<p>&#8220;Sekt\u00f6r\u00fcn ihtiya\u00e7lar\u0131na uygun nitelikte mezunlar yeti\u015ftiriyoruz&#8221;<br \/>\n<br \/>Prof. Dr. Paylan, &#8220;Bununla birlikte, fak\u00fcltemiz b\u00f6l\u00fcmleri ayn\u0131 zamanda Z\u0130DEK taraf\u0131ndan akredite edilerek ulusal d\u00fczeyde de e\u011fitim kalitesini tescillemi\u015ftir. Z\u0130DEK akreditasyonu, programlar\u0131n s\u00fcrekli iyile\u015ftirme anlay\u0131\u015f\u0131yla y\u00fcr\u00fct\u00fcld\u00fc\u011f\u00fcn\u00fc ve sekt\u00f6r ihtiya\u00e7lar\u0131na uygun nitelikli mezunlar yeti\u015ftirildi\u011fini g\u00f6stermektedir&#8221; diye konu\u015ftu.<br \/>\n<br \/>E\u00dc Ziraat Fak\u00fcltesi b\u00fcnyesinde akreditasyon belgelerini almaya hak kazanan b\u00f6l\u00fcmler; Bitki Koruma, Bah\u00e7e Bitkileri, Tarla Bitkileri, Tar\u0131m Makineleri ve Teknolojileri M\u00fchendisli\u011fi, Tar\u0131msal Yap\u0131lar ve Sulama, Zootekni, Toprak Bilimi ve Bitki Besleme ile Tar\u0131m Ekonomisi b\u00f6l\u00fcmleri olarak belirlendi.<br \/><\/p>\n","protected":false},"excerpt":{"rendered":"<p>Ege \u00dcniversitesi Ziraat Fak\u00fcltesi, Avrupa M\u00fchendislik E\u011fitimi Akreditasyon A\u011f\u0131 (ENAEE) taraf\u0131ndan verilen EUR-ACE (Avrupa Akreditasyonlu M\u00fchendis) etiketi almaya hak kazanarak \u00f6nemli bir uluslararas\u0131 ba\u015far\u0131ya daha imza att\u0131. T\u00fcm b\u00f6l\u00fcmleri, Ziraat, Orman ve Su \u00dcr\u00fcnleri E\u011fitim Programlar\u0131 De\u011ferlendirme ve Akreditasyon Derne\u011fi (Z\u0130DEK) ve Peyzaj Mimarl\u0131\u011f\u0131 E\u011fitim Programlar\u0131 Akreditasyon Kurulu (PAK) taraf\u0131ndan akredite olan Ege \u00dcniversitesi Ziraat&#8230;<\/p>\n","protected":false},"author":1,"featured_media":94415,"comment_status":"open","ping_status":"open","sticky":false,"template":"","format":"standard","meta":{"_crdt_document":"","footnotes":""},"categories":[1],"tags":[],"class_list":["post-94414","post","type-post","status-publish","format-standard","has-post-thumbnail","hentry","category-guncel"],"_links":{"self":[{"href":"https:\/\/www.egemtv.com\/index.php?rest_route=\/wp\/v2\/posts\/94414","targetHints":{"allow":["GET"]}}],"collection":[{"href":"https:\/\/www.egemtv.com\/index.php?rest_route=\/wp\/v2\/posts"}],"about":[{"href":"https:\/\/www.egemtv.com\/index.php?rest_route=\/wp\/v2\/types\/post"}],"author":[{"embeddable":true,"href":"https:\/\/www.egemtv.com\/index.php?rest_route=\/wp\/v2\/users\/1"}],"replies":[{"embeddable":true,"href":"https:\/\/www.egemtv.com\/index.php?rest_route=%2Fwp%2Fv2%2Fcomments&post=94414"}],"version-history":[{"count":1,"href":"https:\/\/www.egemtv.com\/index.php?rest_route=\/wp\/v2\/posts\/94414\/revisions"}],"predecessor-version":[{"id":94416,"href":"https:\/\/www.egemtv.com\/index.php?rest_route=\/wp\/v2\/posts\/94414\/revisions\/94416"}],"wp:featuredmedia":[{"embeddable":true,"href":"https:\/\/www.egemtv.com\/index.php?rest_route=\/wp\/v2\/media\/94415"}],"wp:attachment":[{"href":"https:\/\/www.egemtv.com\/index.php?rest_route=%2Fwp%2Fv2%2Fmedia&parent=94414"}],"wp:term":[{"taxonomy":"category","embeddable":true,"href":"https:\/\/www.egemtv.com\/index.php?rest_route=%2Fwp%2Fv2%2Fcategories&post=94414"},{"taxonomy":"post_tag","embeddable":true,"href":"https:\/\/www.egemtv.com\/index.php?rest_route=%2Fwp%2Fv2%2Ftags&post=94414"}],"curies":[{"name":"wp","href":"https:\/\/api.w.org\/{rel}","templated":true}]}}