{"id":94405,"date":"2026-03-19T10:25:43","date_gmt":"2026-03-19T07:25:43","guid":{"rendered":"https:\/\/www.egemtv.com\/?p=94405"},"modified":"2026-03-19T10:25:44","modified_gmt":"2026-03-19T07:25:44","slug":"aydinda-ramazan-bayrami-oncesi-gida-denetimleri-yogunlastirildi","status":"publish","type":"post","link":"https:\/\/www.egemtv.com\/?p=94405","title":{"rendered":"Ayd\u0131n\u2019da Ramazan Bayram\u0131 \u00f6ncesi g\u0131da denetimleri yo\u011funla\u015ft\u0131r\u0131ld\u0131"},"content":{"rendered":"<p>Ayd\u0131n\u2019da saha \u00e7al\u0131\u015fmalar\u0131na h\u0131z veren ekipler, Ramazan Bayram\u0131 \u00f6ncesi tatl\u0131, \u015fekerleme ve unlu mamul sat\u0131\u015f\u0131 yap\u0131lan i\u015fletmelere y\u00f6nelik g\u0131da denetimleri ger\u00e7ekle\u015ftirdi.<\/p>\n<p>Ramazan Bayram\u0131 \u00f6ncesinde vatanda\u015flar\u0131n g\u00fcvenilir g\u0131daya ula\u015f\u0131m\u0131n\u0131 sa\u011flamak amac\u0131yla Ayd\u0131n genelinde g\u0131da denetimleri aral\u0131ks\u0131z s\u00fcrd\u00fcr\u00fcl\u00fcyor. Ayd\u0131n \u0130l Tar\u0131m ve Orman M\u00fcd\u00fcrl\u00fc\u011f\u00fc ile Efeler \u0130l\u00e7e Tar\u0131m ve Orman M\u00fcd\u00fcrl\u00fc\u011f\u00fc ekipleri taraf\u0131ndan ger\u00e7ekle\u015ftirilen denetimlerde, bayram \u00f6ncesi yo\u011fun t\u00fcketilen \u00fcr\u00fcnler mercek alt\u0131na al\u0131nd\u0131. Denetimlere \u0130l Tar\u0131m ve Orman M\u00fcd\u00fcr\u00fc Ayhan Temiz ve Efeler \u0130l\u00e7e Tar\u0131m ve Orman M\u00fcd\u00fcr\u00fc Mehmet Esen de kat\u0131ld\u0131. Ekipler, \u00f6zellikle tatl\u0131, \u015fekerleme ve unlu mamul sat\u0131\u015f\u0131 yap\u0131lan i\u015fletmeler ba\u015fta olmak \u00fczere talebin artt\u0131\u011f\u0131 g\u0131da \u00fcr\u00fcnlerinde hijyen, saklama \u015fartlar\u0131 ve mevzuata uygunluk konular\u0131nda incelemelerde bulundu. Halk sa\u011fl\u0131\u011f\u0131n\u0131n korunmas\u0131 ve g\u00fcvenilir g\u0131da arz\u0131n\u0131n sa\u011flanmas\u0131 amac\u0131yla denetimlerin kararl\u0131l\u0131kla devam edece\u011fi \u00f6\u011frenildi.<br \/><\/p>\n","protected":false},"excerpt":{"rendered":"<p>Ayd\u0131n\u2019da saha \u00e7al\u0131\u015fmalar\u0131na h\u0131z veren ekipler, Ramazan Bayram\u0131 \u00f6ncesi tatl\u0131, \u015fekerleme ve unlu mamul sat\u0131\u015f\u0131 yap\u0131lan i\u015fletmelere y\u00f6nelik g\u0131da denetimleri ger\u00e7ekle\u015ftirdi. Ramazan Bayram\u0131 \u00f6ncesinde vatanda\u015flar\u0131n g\u00fcvenilir g\u0131daya ula\u015f\u0131m\u0131n\u0131 sa\u011flamak amac\u0131yla Ayd\u0131n genelinde g\u0131da denetimleri aral\u0131ks\u0131z s\u00fcrd\u00fcr\u00fcl\u00fcyor. Ayd\u0131n \u0130l Tar\u0131m ve Orman M\u00fcd\u00fcrl\u00fc\u011f\u00fc ile Efeler \u0130l\u00e7e Tar\u0131m ve Orman M\u00fcd\u00fcrl\u00fc\u011f\u00fc ekipleri taraf\u0131ndan ger\u00e7ekle\u015ftirilen denetimlerde, bayram \u00f6ncesi&#8230;<\/p>\n","protected":false},"author":1,"featured_media":94406,"comment_status":"open","ping_status":"open","sticky":false,"template":"","format":"standard","meta":{"_crdt_document":"","footnotes":""},"categories":[1],"tags":[],"class_list":["post-94405","post","type-post","status-publish","format-standard","has-post-thumbnail","hentry","category-guncel"],"_links":{"self":[{"href":"https:\/\/www.egemtv.com\/index.php?rest_route=\/wp\/v2\/posts\/94405","targetHints":{"allow":["GET"]}}],"collection":[{"href":"https:\/\/www.egemtv.com\/index.php?rest_route=\/wp\/v2\/posts"}],"about":[{"href":"https:\/\/www.egemtv.com\/index.php?rest_route=\/wp\/v2\/types\/post"}],"author":[{"embeddable":true,"href":"https:\/\/www.egemtv.com\/index.php?rest_route=\/wp\/v2\/users\/1"}],"replies":[{"embeddable":true,"href":"https:\/\/www.egemtv.com\/index.php?rest_route=%2Fwp%2Fv2%2Fcomments&post=94405"}],"version-history":[{"count":1,"href":"https:\/\/www.egemtv.com\/index.php?rest_route=\/wp\/v2\/posts\/94405\/revisions"}],"predecessor-version":[{"id":94407,"href":"https:\/\/www.egemtv.com\/index.php?rest_route=\/wp\/v2\/posts\/94405\/revisions\/94407"}],"wp:featuredmedia":[{"embeddable":true,"href":"https:\/\/www.egemtv.com\/index.php?rest_route=\/wp\/v2\/media\/94406"}],"wp:attachment":[{"href":"https:\/\/www.egemtv.com\/index.php?rest_route=%2Fwp%2Fv2%2Fmedia&parent=94405"}],"wp:term":[{"taxonomy":"category","embeddable":true,"href":"https:\/\/www.egemtv.com\/index.php?rest_route=%2Fwp%2Fv2%2Fcategories&post=94405"},{"taxonomy":"post_tag","embeddable":true,"href":"https:\/\/www.egemtv.com\/index.php?rest_route=%2Fwp%2Fv2%2Ftags&post=94405"}],"curies":[{"name":"wp","href":"https:\/\/api.w.org\/{rel}","templated":true}]}}