{"id":94356,"date":"2026-03-16T10:15:25","date_gmt":"2026-03-16T07:15:25","guid":{"rendered":"https:\/\/www.egemtv.com\/?p=94356"},"modified":"2026-03-16T10:15:26","modified_gmt":"2026-03-16T07:15:26","slug":"mentesede-ramazan-coskusu","status":"publish","type":"post","link":"https:\/\/www.egemtv.com\/?p=94356","title":{"rendered":"Mente\u015fe\u2019de Ramazan co\u015fkusu"},"content":{"rendered":"<p>Mu\u011fla\u2019n\u0131n Mente\u015fe il\u00e7esinde, Uluslararas\u0131 Gen\u00e7lik Merkezi g\u00f6n\u00fcll\u00fcleri taraf\u0131ndan d\u00fczenlenen Ramazan \u015fenlikleri kapsam\u0131nda 3 bin 500 \u00f6\u011frenci geleneksel g\u00f6lge oyunuyla bulu\u015ftu.<\/p>\n<p>Mente\u015fe Gen\u00e7lik ve Spor \u0130l\u00e7e M\u00fcd\u00fcrl\u00fc\u011f\u00fc b\u00fcnyesinde faaliyet g\u00f6steren Uluslararas\u0131 Gen\u00e7lik Merkezi, Ramazan ay\u0131n\u0131n manevi ruhunu ve geleneksel T\u00fcrk k\u00fclt\u00fcr\u00fcn\u00fc \u00e7ocuklara a\u015f\u0131lamak amac\u0131yla dev bir etkinli\u011fe imza att\u0131. \u0130l\u00e7e genelindeki okullarda sahnelenen Hacivat ve Karag\u00f6z g\u00f6lge oyunu, \u00e7ocuklardan yo\u011fun ilgi g\u00f6rd\u00fc.<\/p>\n<p>Geleneksel T\u00fcrk tiyatrosunun en \u00f6nemli miraslar\u0131ndan biri olan Karag\u00f6z ve Hacivat, bu kez Mente\u015feli \u00f6\u011frencilerin y\u00fcz\u00fcn\u00fc g\u00fcld\u00fcrd\u00fc. G\u00f6n\u00fcll\u00fc gen\u00e7ler taraf\u0131ndan titizlikle haz\u0131rlanan dekor ve oyun i\u00e7erikleri, modern bir dokunu\u015fla \u00e7ocuklara sunuldu. Etkinlik boyunca hem e\u011flenen hem de k\u00fclt\u00fcrel de\u011ferleri \u00f6\u011frenen yakla\u015f\u0131k 3 bin 500 \u00f6\u011frenci, Ramazan ay\u0131n\u0131n birle\u015ftirici ruhunu okul s\u0131ralar\u0131nda ya\u015fama f\u0131rsat\u0131 buldu.<\/p>\n<p>Uluslararas\u0131 Gen\u00e7lik Merkezi g\u00f6n\u00fcll\u00fcleri, sahne performanslar\u0131yla b\u00fcy\u00fck takdir toplad\u0131. Gen\u00e7ler, bu t\u00fcr etkinliklerin hem toplumsal dayan\u0131\u015fmay\u0131 g\u00fc\u00e7lendirdi\u011fini hem de k\u00fclt\u00fcrel de\u011ferlerin unutulmamas\u0131n\u0131 sa\u011flad\u0131\u011f\u0131n\u0131 belirterek \u015fu ifadeleri kulland\u0131:<br \/>\n<br \/>&#8220;Ramazan ay\u0131n\u0131n manevi atmosferinde \u00e7ocuklar\u0131m\u0131zla bir araya gelmek bizim i\u00e7in tarif edilemez bir mutluluk. Onlar\u0131n y\u00fcz\u00fcndeki tebess\u00fcm\u00fc g\u00f6rmek, y\u00fcr\u00fctt\u00fc\u011f\u00fcm\u00fcz g\u00f6n\u00fcll\u00fcl\u00fck faaliyetlerinin en b\u00fcy\u00fck \u00f6d\u00fcl\u00fc.&#8221; Mente\u015fe Gen\u00e7lik ve Spor \u0130l\u00e7e M\u00fcd\u00fcrl\u00fc\u011f\u00fc yetkilileri ise yapt\u0131klar\u0131 a\u00e7\u0131klamada, gen\u00e7lerin sosyal sorumluluk bilinciyle hareket etmesinden duyduklar\u0131 memnuniyeti dile getirdi. Gen\u00e7lerin toplumun her kesimine dokunan projelerde yer almaya devam edece\u011fi vurgulan\u0131rken, bu t\u00fcr k\u00fclt\u00fcrel etkinliklerin \u00e7ocuklar\u0131n geli\u015fimine sundu\u011fu katk\u0131ya dikkat \u00e7ekildi.<br \/><\/p>\n","protected":false},"excerpt":{"rendered":"<p>Mu\u011fla\u2019n\u0131n Mente\u015fe il\u00e7esinde, Uluslararas\u0131 Gen\u00e7lik Merkezi g\u00f6n\u00fcll\u00fcleri taraf\u0131ndan d\u00fczenlenen Ramazan \u015fenlikleri kapsam\u0131nda 3 bin 500 \u00f6\u011frenci geleneksel g\u00f6lge oyunuyla bulu\u015ftu. Mente\u015fe Gen\u00e7lik ve Spor \u0130l\u00e7e M\u00fcd\u00fcrl\u00fc\u011f\u00fc b\u00fcnyesinde faaliyet g\u00f6steren Uluslararas\u0131 Gen\u00e7lik Merkezi, Ramazan ay\u0131n\u0131n manevi ruhunu ve geleneksel T\u00fcrk k\u00fclt\u00fcr\u00fcn\u00fc \u00e7ocuklara a\u015f\u0131lamak amac\u0131yla dev bir etkinli\u011fe imza att\u0131. \u0130l\u00e7e genelindeki okullarda sahnelenen Hacivat ve Karag\u00f6z&#8230;<\/p>\n","protected":false},"author":1,"featured_media":94357,"comment_status":"open","ping_status":"open","sticky":false,"template":"","format":"standard","meta":{"_crdt_document":"","footnotes":""},"categories":[1],"tags":[],"class_list":["post-94356","post","type-post","status-publish","format-standard","has-post-thumbnail","hentry","category-guncel"],"_links":{"self":[{"href":"https:\/\/www.egemtv.com\/index.php?rest_route=\/wp\/v2\/posts\/94356","targetHints":{"allow":["GET"]}}],"collection":[{"href":"https:\/\/www.egemtv.com\/index.php?rest_route=\/wp\/v2\/posts"}],"about":[{"href":"https:\/\/www.egemtv.com\/index.php?rest_route=\/wp\/v2\/types\/post"}],"author":[{"embeddable":true,"href":"https:\/\/www.egemtv.com\/index.php?rest_route=\/wp\/v2\/users\/1"}],"replies":[{"embeddable":true,"href":"https:\/\/www.egemtv.com\/index.php?rest_route=%2Fwp%2Fv2%2Fcomments&post=94356"}],"version-history":[{"count":1,"href":"https:\/\/www.egemtv.com\/index.php?rest_route=\/wp\/v2\/posts\/94356\/revisions"}],"predecessor-version":[{"id":94358,"href":"https:\/\/www.egemtv.com\/index.php?rest_route=\/wp\/v2\/posts\/94356\/revisions\/94358"}],"wp:featuredmedia":[{"embeddable":true,"href":"https:\/\/www.egemtv.com\/index.php?rest_route=\/wp\/v2\/media\/94357"}],"wp:attachment":[{"href":"https:\/\/www.egemtv.com\/index.php?rest_route=%2Fwp%2Fv2%2Fmedia&parent=94356"}],"wp:term":[{"taxonomy":"category","embeddable":true,"href":"https:\/\/www.egemtv.com\/index.php?rest_route=%2Fwp%2Fv2%2Fcategories&post=94356"},{"taxonomy":"post_tag","embeddable":true,"href":"https:\/\/www.egemtv.com\/index.php?rest_route=%2Fwp%2Fv2%2Ftags&post=94356"}],"curies":[{"name":"wp","href":"https:\/\/api.w.org\/{rel}","templated":true}]}}