{"id":94308,"date":"2026-03-15T16:14:45","date_gmt":"2026-03-15T13:14:45","guid":{"rendered":"https:\/\/www.egemtv.com\/?p=94308"},"modified":"2026-03-15T16:14:46","modified_gmt":"2026-03-15T13:14:46","slug":"karisini-darbettigi-ve-balkondan-attigi-ileri-surulen-koca-ve-arkadasi-gozaltina-alindi","status":"publish","type":"post","link":"https:\/\/www.egemtv.com\/?p=94308","title":{"rendered":"Kar\u0131s\u0131n\u0131 darbetti\u011fi ve balkondan att\u0131\u011f\u0131 ileri s\u00fcr\u00fclen koca ve arkada\u015f\u0131 g\u00f6zalt\u0131na al\u0131nd\u0131"},"content":{"rendered":"<p>\u0130zmir\u2019de e\u015fi taraf\u0131ndan balkondan at\u0131ld\u0131\u011f\u0131 iddia edilen Aylin G.\u2019nin a\u011f\u0131r yaralanmas\u0131yla ilgili aranan koca O.G. ve ona yard\u0131m eden arkada\u015f\u0131 A.E. polis ekiplerince yakaland\u0131. G\u00f6zalt\u0131na al\u0131nan iki \u015f\u00fcphelinin emniyetteki i\u015flemleri s\u00fcr\u00fcyor.<br \/>\n<br \/>Aylin G., \u015fiddet g\u00f6rd\u00fc\u011f\u00fc gerek\u00e7esiyle e\u015fi O.G.\u2019den \u015fikayet\u00e7i olarak Torbal\u0131 il\u00e7esinde ya\u015fayan annesinin evine yerle\u015fti. \u00c7iftin 8 ya\u015f\u0131ndaki k\u0131zlar\u0131 ise bu s\u00fcre\u00e7te devlet korumas\u0131na al\u0131nd\u0131. E\u015fiyle ortak arkada\u015flar\u0131 olan A.E., gen\u00e7 kad\u0131nla ileti\u015fime ge\u00e7erek devlet korumas\u0131ndaki \u00e7ocuklar\u0131n\u0131 alabilmek i\u00e7in kurum yetkilileriyle g\u00f6r\u00fc\u015fmeleri gerekti\u011fini s\u00f6yledi. Bunun \u00fczerine Aylin G., kald\u0131\u011f\u0131 adresi vererek A.E.\u2019nin arac\u0131na bindi. Ara\u00e7 hareket halindeyken yol \u00fczerinden O.G. de otomobile bindi ve e\u015fine \u015fiddet uygulamaya ba\u015flad\u0131. Gen\u00e7 kad\u0131n daha sonra Ye\u015filyurt semtindeki bir eve g\u00f6t\u00fcr\u00fclerek burada da darp edildi.<\/p>\n<p>\u015e\u00fcpheliler polis ekiplerince g\u00f6zalt\u0131na al\u0131nd\u0131<br \/>\n<br \/>Yard\u0131m istemek i\u00e7in balkona \u00e7\u0131kan Aylin G.\u2019nin e\u015fi taraf\u0131ndan a\u015fa\u011f\u0131 at\u0131ld\u0131\u011f\u0131 \u00f6ne s\u00fcr\u00fcld\u00fc. A\u011f\u0131r yaralanan kad\u0131n hastaneye kald\u0131r\u0131larak tedavi alt\u0131na al\u0131nd\u0131. Olay\u0131n ard\u0131ndan kay\u0131plara kar\u0131\u015fan O.G. ve ona yard\u0131m eden A.E., d\u00fcn ak\u015fam saatlerinde polis ekiplerince yakalanarak g\u00f6zalt\u0131na al\u0131nd\u0131.<\/p>\n<p>Gen\u00e7 kad\u0131n\u0131n hayati tehlikesi s\u00fcr\u00fcyor<br \/>\n<br \/>Hastanede tedavi alt\u0131na al\u0131nan Aylin G.\u2019nin ya\u015fam m\u00fccadelesi verdi\u011fi \u00f6\u011frenildi. Emniyete g\u00f6t\u00fcr\u00fclen \u015f\u00fcphelilerin sorgular\u0131n\u0131n devam etti\u011fi bildirildi.<br \/><\/p>\n","protected":false},"excerpt":{"rendered":"<p>\u0130zmir\u2019de e\u015fi taraf\u0131ndan balkondan at\u0131ld\u0131\u011f\u0131 iddia edilen Aylin G.\u2019nin a\u011f\u0131r yaralanmas\u0131yla ilgili aranan koca O.G. ve ona yard\u0131m eden arkada\u015f\u0131 A.E. polis ekiplerince yakaland\u0131. G\u00f6zalt\u0131na al\u0131nan iki \u015f\u00fcphelinin emniyetteki i\u015flemleri s\u00fcr\u00fcyor. Aylin G., \u015fiddet g\u00f6rd\u00fc\u011f\u00fc gerek\u00e7esiyle e\u015fi O.G.\u2019den \u015fikayet\u00e7i olarak Torbal\u0131 il\u00e7esinde ya\u015fayan annesinin evine yerle\u015fti. \u00c7iftin 8 ya\u015f\u0131ndaki k\u0131zlar\u0131 ise bu s\u00fcre\u00e7te devlet korumas\u0131na&#8230;<\/p>\n","protected":false},"author":1,"featured_media":94309,"comment_status":"open","ping_status":"open","sticky":false,"template":"","format":"standard","meta":{"_crdt_document":"","footnotes":""},"categories":[5],"tags":[],"class_list":["post-94308","post","type-post","status-publish","format-standard","has-post-thumbnail","hentry","category-asayis"],"_links":{"self":[{"href":"https:\/\/www.egemtv.com\/index.php?rest_route=\/wp\/v2\/posts\/94308","targetHints":{"allow":["GET"]}}],"collection":[{"href":"https:\/\/www.egemtv.com\/index.php?rest_route=\/wp\/v2\/posts"}],"about":[{"href":"https:\/\/www.egemtv.com\/index.php?rest_route=\/wp\/v2\/types\/post"}],"author":[{"embeddable":true,"href":"https:\/\/www.egemtv.com\/index.php?rest_route=\/wp\/v2\/users\/1"}],"replies":[{"embeddable":true,"href":"https:\/\/www.egemtv.com\/index.php?rest_route=%2Fwp%2Fv2%2Fcomments&post=94308"}],"version-history":[{"count":1,"href":"https:\/\/www.egemtv.com\/index.php?rest_route=\/wp\/v2\/posts\/94308\/revisions"}],"predecessor-version":[{"id":94310,"href":"https:\/\/www.egemtv.com\/index.php?rest_route=\/wp\/v2\/posts\/94308\/revisions\/94310"}],"wp:featuredmedia":[{"embeddable":true,"href":"https:\/\/www.egemtv.com\/index.php?rest_route=\/wp\/v2\/media\/94309"}],"wp:attachment":[{"href":"https:\/\/www.egemtv.com\/index.php?rest_route=%2Fwp%2Fv2%2Fmedia&parent=94308"}],"wp:term":[{"taxonomy":"category","embeddable":true,"href":"https:\/\/www.egemtv.com\/index.php?rest_route=%2Fwp%2Fv2%2Fcategories&post=94308"},{"taxonomy":"post_tag","embeddable":true,"href":"https:\/\/www.egemtv.com\/index.php?rest_route=%2Fwp%2Fv2%2Ftags&post=94308"}],"curies":[{"name":"wp","href":"https:\/\/api.w.org\/{rel}","templated":true}]}}