{"id":94302,"date":"2026-03-15T15:35:00","date_gmt":"2026-03-15T12:35:00","guid":{"rendered":"https:\/\/www.egemtv.com\/?p=94302"},"modified":"2026-03-15T15:35:01","modified_gmt":"2026-03-15T12:35:01","slug":"kontrolden-cikan-ticari-taksi-orta-refuje-devrildi","status":"publish","type":"post","link":"https:\/\/www.egemtv.com\/?p=94302","title":{"rendered":"Kontrolden \u00e7\u0131kan ticari taksi orta ref\u00fcje devrildi"},"content":{"rendered":"<p>Afyonkarahisar\u2019da ya\u015fanan trafik kazas\u0131nda kontrolden \u00e7\u0131kan ticari taksi orta ref\u00fcje devrilirken, olayda \u015fans eseri \u00f6len ya da yaralanan olmad\u0131.<br \/>\n<br \/>Kaza, Emirda\u011f Otogar Kav\u015fa\u011f\u0131nda meydana geldi. Edinilen bilgilere g\u00f6re, 10 T 4769 plakal\u0131 ticari taksi s\u00fcr\u00fcc\u00fcs\u00fcn\u00fcn direksiyon hakimiyetini kaybetmesi sonras\u0131 kontrolden \u00e7\u0131karak orta ref\u00fcje devrildi. Kazada s\u00fcr\u00fcc\u00fc otomobilin \u00f6n cam\u0131n\u0131 k\u0131rarak kendi imkanlar\u0131yla d\u0131\u015far\u0131ya \u00e7\u0131kt\u0131. \u015eans eseri s\u00fcr\u00fcc\u00fc kazay\u0131 yara almadan atlat\u0131rken, otomobil devrildi\u011fi yerden yakla\u015f\u0131k yar\u0131m saat s\u00fcren bir \u00e7al\u0131\u015fma sonras\u0131 kald\u0131r\u0131ld\u0131.<br \/><\/p>\n","protected":false},"excerpt":{"rendered":"<p>Afyonkarahisar\u2019da ya\u015fanan trafik kazas\u0131nda kontrolden \u00e7\u0131kan ticari taksi orta ref\u00fcje devrilirken, olayda \u015fans eseri \u00f6len ya da yaralanan olmad\u0131. Kaza, Emirda\u011f Otogar Kav\u015fa\u011f\u0131nda meydana geldi. Edinilen bilgilere g\u00f6re, 10 T 4769 plakal\u0131 ticari taksi s\u00fcr\u00fcc\u00fcs\u00fcn\u00fcn direksiyon hakimiyetini kaybetmesi sonras\u0131 kontrolden \u00e7\u0131karak orta ref\u00fcje devrildi. Kazada s\u00fcr\u00fcc\u00fc otomobilin \u00f6n cam\u0131n\u0131 k\u0131rarak kendi imkanlar\u0131yla d\u0131\u015far\u0131ya \u00e7\u0131kt\u0131. \u015eans&#8230;<\/p>\n","protected":false},"author":1,"featured_media":94303,"comment_status":"open","ping_status":"open","sticky":false,"template":"","format":"standard","meta":{"_crdt_document":"","footnotes":""},"categories":[5],"tags":[],"class_list":["post-94302","post","type-post","status-publish","format-standard","has-post-thumbnail","hentry","category-asayis"],"_links":{"self":[{"href":"https:\/\/www.egemtv.com\/index.php?rest_route=\/wp\/v2\/posts\/94302","targetHints":{"allow":["GET"]}}],"collection":[{"href":"https:\/\/www.egemtv.com\/index.php?rest_route=\/wp\/v2\/posts"}],"about":[{"href":"https:\/\/www.egemtv.com\/index.php?rest_route=\/wp\/v2\/types\/post"}],"author":[{"embeddable":true,"href":"https:\/\/www.egemtv.com\/index.php?rest_route=\/wp\/v2\/users\/1"}],"replies":[{"embeddable":true,"href":"https:\/\/www.egemtv.com\/index.php?rest_route=%2Fwp%2Fv2%2Fcomments&post=94302"}],"version-history":[{"count":1,"href":"https:\/\/www.egemtv.com\/index.php?rest_route=\/wp\/v2\/posts\/94302\/revisions"}],"predecessor-version":[{"id":94304,"href":"https:\/\/www.egemtv.com\/index.php?rest_route=\/wp\/v2\/posts\/94302\/revisions\/94304"}],"wp:featuredmedia":[{"embeddable":true,"href":"https:\/\/www.egemtv.com\/index.php?rest_route=\/wp\/v2\/media\/94303"}],"wp:attachment":[{"href":"https:\/\/www.egemtv.com\/index.php?rest_route=%2Fwp%2Fv2%2Fmedia&parent=94302"}],"wp:term":[{"taxonomy":"category","embeddable":true,"href":"https:\/\/www.egemtv.com\/index.php?rest_route=%2Fwp%2Fv2%2Fcategories&post=94302"},{"taxonomy":"post_tag","embeddable":true,"href":"https:\/\/www.egemtv.com\/index.php?rest_route=%2Fwp%2Fv2%2Ftags&post=94302"}],"curies":[{"name":"wp","href":"https:\/\/api.w.org\/{rel}","templated":true}]}}