{"id":94296,"date":"2026-03-15T14:55:01","date_gmt":"2026-03-15T11:55:01","guid":{"rendered":"https:\/\/www.egemtv.com\/?p=94296"},"modified":"2026-03-15T14:55:02","modified_gmt":"2026-03-15T11:55:02","slug":"adunun-duayen-hekimi-prof-dr-bolaman-son-yolculuguna-ugurlandi","status":"publish","type":"post","link":"https:\/\/www.egemtv.com\/?p=94296","title":{"rendered":"AD\u00dc\u2019n\u00fcn duayen hekimi Prof. Dr. Bolaman son yolculu\u011funa u\u011furland\u0131"},"content":{"rendered":"<p>Ayd\u0131n Adnan Menderes \u00dcniversitesi (AD\u00dc) T\u0131p Fak\u00fcltesi \u00d6\u011fretim \u00dcyesi ve t\u0131p d\u00fcnyas\u0131nda \u2019hocalar\u0131n hocas\u0131\u2019 olarak bilinen duayen hematolog Prof. Dr. Ali Zahit Bolaman, hayat\u0131n\u0131 kaybederken, Bolaman d\u00fczenlenen t\u00f6renin ard\u0131ndan son yolcu\u011funa u\u011furland\u0131.<\/p>\n<p>Uzun y\u0131llar boyunca akademik \u00e7al\u0131\u015fmalar\u0131 ve yeti\u015ftirdi\u011fi hekimlerle t\u0131p d\u00fcnyas\u0131na \u00f6nemli katk\u0131lar sa\u011flayan Prof. Dr. Ali Zahit Bolaman\u2019\u0131n vefat\u0131, meslekta\u015flar\u0131 ve \u00f6\u011frencileri aras\u0131nda b\u00fcy\u00fck \u00fcz\u00fcnt\u00fcye yol a\u00e7t\u0131. Prof. Dr. Bolaman, hem akademik \u00e7al\u0131\u015fmalar\u0131 hem de hekimlik mesle\u011fine verdi\u011fi emekle tan\u0131nan, \u00f6mr\u00fcn\u00fc ilme ve insanl\u0131\u011fa hizmet etmeye adam\u0131\u015f bir bilim insan\u0131 olarak bilinirken, hekimli\u011fin simge g\u00fcnlerinden biri olan 14 Mart T\u0131p Bayram\u0131\u2019nda vefat eden Bolaman\u2019\u0131n kayb\u0131, sa\u011fl\u0131k camias\u0131nda ayr\u0131 bir h\u00fcz\u00fcnle kar\u015f\u0131land\u0131.<\/p>\n<p>AD\u00dc Rekt\u00f6r\u00fc Prof. Dr. B\u00fclent Kent yay\u0131mlad\u0131\u011f\u0131 taziye mesaj\u0131nda, &#8220;\u00dcniversitemiz T\u0131p Fak\u00fcltesi Hematoloji Bilim Dal\u0131\u2019n\u0131n k\u0131ymetli hocas\u0131, duayen bilim insan\u0131 Prof. Dr. Ali Zahit Bolaman\u2019\u0131n vefat\u0131 bizleri derin bir \u00fcz\u00fcnt\u00fcye bo\u011fdu. Bilime, hekimli\u011fe ve insanl\u0131\u011fa adanm\u0131\u015f bir \u00f6mr\u00fcn sahibi olan k\u0131ymetli hocam\u0131za Y\u00fcce Allah\u2019tan rahmet; ba\u015fta ailesi olmak \u00fczere \u00f6\u011frencilerine, yak\u0131nlar\u0131na ve t\u00fcm t\u0131p camiam\u0131za ba\u015fsa\u011fl\u0131\u011f\u0131 ve sab\u0131r diliyorum&#8221; ifadelerine yer verdi.<\/p>\n<p>Prof. Dr. Ali Zahit Bolaman i\u00e7in Ayd\u0131n Adnan Menderes \u00dcniversitesi Kongre Merkezi\u2019nde saat 11.30\u2019da cenaze t\u00f6reni d\u00fczenlendi.  \u00dcniversite protokol\u00fc, akademisyenler, hastalar\u0131 ve \u00f6\u011frencilerinin kat\u0131ld\u0131\u011f\u0131 t\u00f6renin ard\u0131ndan Bolaman\u2019\u0131n cenazesi, Ayd\u0131n\u2019\u0131n Mimar Sinan Mahallesi\u2019nde bulunan Emir Sultan Camii\u2019ne getirildi. Burada \u00f6\u011fle namaz\u0131n\u0131 m\u00fcteakip k\u0131l\u0131nan cenaze namaz\u0131 sonras\u0131nda duayen hekimin cenazesi \u0130zmir\u2019in \u00c7e\u015fme il\u00e7esindeki \u00c7akabey Mezarl\u0131\u011f\u0131\u2019nda topra\u011fa verildi.<br \/><\/p>\n","protected":false},"excerpt":{"rendered":"<p>Ayd\u0131n Adnan Menderes \u00dcniversitesi (AD\u00dc) T\u0131p Fak\u00fcltesi \u00d6\u011fretim \u00dcyesi ve t\u0131p d\u00fcnyas\u0131nda \u2019hocalar\u0131n hocas\u0131\u2019 olarak bilinen duayen hematolog Prof. Dr. Ali Zahit Bolaman, hayat\u0131n\u0131 kaybederken, Bolaman d\u00fczenlenen t\u00f6renin ard\u0131ndan son yolcu\u011funa u\u011furland\u0131. Uzun y\u0131llar boyunca akademik \u00e7al\u0131\u015fmalar\u0131 ve yeti\u015ftirdi\u011fi hekimlerle t\u0131p d\u00fcnyas\u0131na \u00f6nemli katk\u0131lar sa\u011flayan Prof. Dr. Ali Zahit Bolaman\u2019\u0131n vefat\u0131, meslekta\u015flar\u0131 ve \u00f6\u011frencileri aras\u0131nda&#8230;<\/p>\n","protected":false},"author":1,"featured_media":94297,"comment_status":"open","ping_status":"open","sticky":false,"template":"","format":"standard","meta":{"_crdt_document":"","footnotes":""},"categories":[1],"tags":[],"class_list":["post-94296","post","type-post","status-publish","format-standard","has-post-thumbnail","hentry","category-guncel"],"_links":{"self":[{"href":"https:\/\/www.egemtv.com\/index.php?rest_route=\/wp\/v2\/posts\/94296","targetHints":{"allow":["GET"]}}],"collection":[{"href":"https:\/\/www.egemtv.com\/index.php?rest_route=\/wp\/v2\/posts"}],"about":[{"href":"https:\/\/www.egemtv.com\/index.php?rest_route=\/wp\/v2\/types\/post"}],"author":[{"embeddable":true,"href":"https:\/\/www.egemtv.com\/index.php?rest_route=\/wp\/v2\/users\/1"}],"replies":[{"embeddable":true,"href":"https:\/\/www.egemtv.com\/index.php?rest_route=%2Fwp%2Fv2%2Fcomments&post=94296"}],"version-history":[{"count":1,"href":"https:\/\/www.egemtv.com\/index.php?rest_route=\/wp\/v2\/posts\/94296\/revisions"}],"predecessor-version":[{"id":94298,"href":"https:\/\/www.egemtv.com\/index.php?rest_route=\/wp\/v2\/posts\/94296\/revisions\/94298"}],"wp:featuredmedia":[{"embeddable":true,"href":"https:\/\/www.egemtv.com\/index.php?rest_route=\/wp\/v2\/media\/94297"}],"wp:attachment":[{"href":"https:\/\/www.egemtv.com\/index.php?rest_route=%2Fwp%2Fv2%2Fmedia&parent=94296"}],"wp:term":[{"taxonomy":"category","embeddable":true,"href":"https:\/\/www.egemtv.com\/index.php?rest_route=%2Fwp%2Fv2%2Fcategories&post=94296"},{"taxonomy":"post_tag","embeddable":true,"href":"https:\/\/www.egemtv.com\/index.php?rest_route=%2Fwp%2Fv2%2Ftags&post=94296"}],"curies":[{"name":"wp","href":"https:\/\/api.w.org\/{rel}","templated":true}]}}